{"id":315588,"date":"2026-01-19T12:52:08","date_gmt":"2026-01-19T11:52:08","guid":{"rendered":"https:\/\/www.evearly.news\/fr\/faut-il-en-finir-avec-les-aides-a-lachat-pour-voitures-electriques\/"},"modified":"2026-01-19T12:52:08","modified_gmt":"2026-01-19T11:52:08","slug":"faut-il-en-finir-avec-les-aides-a-lachat-pour-voitures-electriques","status":"publish","type":"post","link":"https:\/\/www.evearly.news\/fr\/faut-il-en-finir-avec-les-aides-a-lachat-pour-voitures-electriques\/","title":{"rendered":"Faut-il en finir avec les aides \u00e0 l&rsquo;achat pour voitures \u00e9lectriques ?"},"content":{"rendered":"<div class=\"media_block\"><img decoding=\"async\" src=\"https:\/\/www.evearly.news\/fr\/wp-content\/uploads\/sites\/6\/2026\/01\/faut-il-en-finir-avec-les-aides-a-lachat-pour-voitures-electriques.jpg\"><\/div>\n<p>En Allemagne, le retour d&rsquo;un gros bonus \u00e0 l&rsquo;achat d&rsquo;une voiture \u00e9lectrique fera probablement plaisir aux clients lorgnant sur ce type de v\u00e9hicule en 2026. Mais cela se fera aux frais de la princesse, \u00e0 l&rsquo;inverse de la France qui a d\u00e9cid\u00e9 de d\u00e9l\u00e9guer les financements d&rsquo;\u00e9lectriques \u00e0 des contrats d&rsquo;\u00e9conomie d&rsquo;\u00e9nergie assur\u00e9s par les fournisseurs. Pour certains experts, il faudrait arr\u00eater de piocher dans les finances publiques pour aider des automobilistes \u00e0 acheter des voitures \u00e9lectriques. <a href=https:\/\/www.automobile-magazine.fr\/economie-politique\/article\/50740-faut-il-en-finir-avec-les-aides-a-lachat-pour-voitures-electriques target='bwindow'>Lire la suite&#8230;<\/a><\/p>\n","protected":false},"excerpt":{"rendered":"<div class=\"media_block\"><img decoding=\"async\" src=\"https:\/\/www.evearly.news\/fr\/wp-content\/uploads\/sites\/6\/2026\/01\/faut-il-en-finir-avec-les-aides-a-lachat-pour-voitures-electriques.jpg\"><\/div>\n<p> <a class=\"continue-reading-link\" href=\"https:\/\/www.evearly.news\/fr\/faut-il-en-finir-avec-les-aides-a-lachat-pour-voitures-electriques\/\"><\/a><\/p>\n","protected":false},"author":7,"featured_media":315589,"comment_status":"closed","ping_status":"open","sticky":false,"template":"Default","format":"standard","meta":{"footnotes":""},"categories":[7],"tags":[],"class_list":["post-315588","post","type-post","status-publish","format-standard","has-post-thumbnail","hentry","category-automobile-magazine"],"_links":{"self":[{"href":"https:\/\/www.evearly.news\/fr\/wp-json\/wp\/v2\/posts\/315588","targetHints":{"allow":["GET"]}}],"collection":[{"href":"https:\/\/www.evearly.news\/fr\/wp-json\/wp\/v2\/posts"}],"about":[{"href":"https:\/\/www.evearly.news\/fr\/wp-json\/wp\/v2\/types\/post"}],"author":[{"embeddable":true,"href":"https:\/\/www.evearly.news\/fr\/wp-json\/wp\/v2\/users\/7"}],"replies":[{"embeddable":true,"href":"https:\/\/www.evearly.news\/fr\/wp-json\/wp\/v2\/comments?post=315588"}],"version-history":[{"count":0,"href":"https:\/\/www.evearly.news\/fr\/wp-json\/wp\/v2\/posts\/315588\/revisions"}],"wp:featuredmedia":[{"embeddable":true,"href":"https:\/\/www.evearly.news\/fr\/wp-json\/wp\/v2\/media\/315589"}],"wp:attachment":[{"href":"https:\/\/www.evearly.news\/fr\/wp-json\/wp\/v2\/media?parent=315588"}],"wp:term":[{"taxonomy":"category","embeddable":true,"href":"https:\/\/www.evearly.news\/fr\/wp-json\/wp\/v2\/categories?post=315588"},{"taxonomy":"post_tag","embeddable":true,"href":"https:\/\/www.evearly.news\/fr\/wp-json\/wp\/v2\/tags?post=315588"}],"curies":[{"name":"wp","href":"https:\/\/api.w.org\/{rel}","templated":true}]}}