{"id":315592,"date":"2026-01-19T14:05:46","date_gmt":"2026-01-19T13:05:46","guid":{"rendered":"https:\/\/www.evearly.news\/fr\/bmw-m-la-performance-electrique-arrive-en-2027\/"},"modified":"2026-01-21T22:50:54","modified_gmt":"2026-01-21T21:50:54","slug":"bmw-m-la-performance-electrique-arrive-en-2027","status":"publish","type":"post","link":"https:\/\/www.evearly.news\/fr\/bmw-m-la-performance-electrique-arrive-en-2027\/","title":{"rendered":"BMW M : La performance \u00e9lectrique arrive en 2027"},"content":{"rendered":"<p><img decoding=\"async\" src=\"https:\/\/electriquemag.fr\/wp-content\/uploads\/2026\/01\/P90627558_highRes_bmw-m-electrified-01-scaled.jpg\" \/><br \/>\nBMW M marque un tournant en 2027 avec l\u2019arriv\u00e9e de v\u00e9hicules 100 % \u00e9lectriques. Cette nouvelle g\u00e9n\u00e9ration, fid\u00e8le \u00e0 l\u2019ADN de la \u00ab\u00a0Ultimate Driving Machine\u00a0\u00bb, red\u00e9finira les standards de la performance haute gamme tout en int\u00e9grant des technologies de pointe pour une conduite exceptionnelle. Des performances de haut niveau Les futurs mod\u00e8les BMW M \u00e9lectriques utiliseront la plateforme Neue Klasse,\u2026 <a href=\"https:\/\/electriquemag.fr\/bmw-m-la-performance-electrique-arrive-en-2027\/\" target=\"bwindow\">Lire la suite&#8230;<\/a><\/p>\n","protected":false},"excerpt":{"rendered":"<p>&#8230; <a class=\"continue-reading-link\" href=\"https:\/\/www.evearly.news\/fr\/bmw-m-la-performance-electrique-arrive-en-2027\/\"><\/a><\/p>\n","protected":false},"author":13,"featured_media":0,"comment_status":"closed","ping_status":"open","sticky":false,"template":"Default","format":"standard","meta":{"footnotes":""},"categories":[13],"tags":[],"class_list":["post-315592","post","type-post","status-publish","format-standard","hentry","category-electriquemag"],"_links":{"self":[{"href":"https:\/\/www.evearly.news\/fr\/wp-json\/wp\/v2\/posts\/315592","targetHints":{"allow":["GET"]}}],"collection":[{"href":"https:\/\/www.evearly.news\/fr\/wp-json\/wp\/v2\/posts"}],"about":[{"href":"https:\/\/www.evearly.news\/fr\/wp-json\/wp\/v2\/types\/post"}],"author":[{"embeddable":true,"href":"https:\/\/www.evearly.news\/fr\/wp-json\/wp\/v2\/users\/13"}],"replies":[{"embeddable":true,"href":"https:\/\/www.evearly.news\/fr\/wp-json\/wp\/v2\/comments?post=315592"}],"version-history":[{"count":1,"href":"https:\/\/www.evearly.news\/fr\/wp-json\/wp\/v2\/posts\/315592\/revisions"}],"predecessor-version":[{"id":315755,"href":"https:\/\/www.evearly.news\/fr\/wp-json\/wp\/v2\/posts\/315592\/revisions\/315755"}],"wp:attachment":[{"href":"https:\/\/www.evearly.news\/fr\/wp-json\/wp\/v2\/media?parent=315592"}],"wp:term":[{"taxonomy":"category","embeddable":true,"href":"https:\/\/www.evearly.news\/fr\/wp-json\/wp\/v2\/categories?post=315592"},{"taxonomy":"post_tag","embeddable":true,"href":"https:\/\/www.evearly.news\/fr\/wp-json\/wp\/v2\/tags?post=315592"}],"curies":[{"name":"wp","href":"https:\/\/api.w.org\/{rel}","templated":true}]}}