{"id":315595,"date":"2026-01-19T16:00:04","date_gmt":"2026-01-19T15:00:04","guid":{"rendered":"https:\/\/www.evearly.news\/fr\/rivian-lance-la-production-du-r2-le-rival-du-model-y-qui-doit-arriver-en-europe-en-2027\/"},"modified":"2026-01-19T16:00:04","modified_gmt":"2026-01-19T15:00:04","slug":"rivian-lance-la-production-du-r2-le-rival-du-model-y-qui-doit-arriver-en-europe-en-2027","status":"publish","type":"post","link":"https:\/\/www.evearly.news\/fr\/rivian-lance-la-production-du-r2-le-rival-du-model-y-qui-doit-arriver-en-europe-en-2027\/","title":{"rendered":"Rivian lance la production du R2, le rival du Model Y qui doit arriver en Europe en 2027"},"content":{"rendered":"<p><img decoding=\"async\" src=\"https:\/\/www.evearly.news\/fr\/wp-content\/uploads\/sites\/6\/2026\/01\/rivian-lance-la-production-du-r2-le-rival-du-model-y-qui-doit-arriver-en-europe-en-2027.webp\" alt=\"auto-moto\"><br \/>Annonc\u00e9 en 2024, le Rivian R2 se concr\u00e9tise avec la mise en production des premiers exemplaires de pr\u00e9s\u00e9rie dans la nouvelle usine du jeune constructeur. Ce mod\u00e8le, qui commencera sa carri\u00e8re aux \u00c9tats-Unis, doit ensuite d\u00e9barquer en Europe face au Tesla Model Y. <a href=https:\/\/www.auto-moto.com\/electrique\/rivian-r2-production-68376 target=blank>Lire la suite&#8230;<\/a><\/p>\n","protected":false},"excerpt":{"rendered":"<p>Annonc\u00e9 en 2024, le Rivian R2 se concr\u00e9tise avec la mise en production des premiers exemplaires de pr\u00e9s\u00e9rie dans la nouvelle usine du jeune constructeur. Ce mod\u00e8le, qui commencera sa carri\u00e8re aux \u00c9tats-Unis, doit ensuite d\u00e9barquer en Europe face au Tesla Model Y&#8230;. <a class=\"continue-reading-link\" href=\"https:\/\/www.evearly.news\/fr\/rivian-lance-la-production-du-r2-le-rival-du-model-y-qui-doit-arriver-en-europe-en-2027\/\"><\/a><\/p>\n","protected":false},"author":9,"featured_media":315596,"comment_status":"closed","ping_status":"open","sticky":false,"template":"Default","format":"standard","meta":{"footnotes":""},"categories":[10],"tags":[],"class_list":["post-315595","post","type-post","status-publish","format-standard","has-post-thumbnail","hentry","category-auto-moto-com"],"_links":{"self":[{"href":"https:\/\/www.evearly.news\/fr\/wp-json\/wp\/v2\/posts\/315595","targetHints":{"allow":["GET"]}}],"collection":[{"href":"https:\/\/www.evearly.news\/fr\/wp-json\/wp\/v2\/posts"}],"about":[{"href":"https:\/\/www.evearly.news\/fr\/wp-json\/wp\/v2\/types\/post"}],"author":[{"embeddable":true,"href":"https:\/\/www.evearly.news\/fr\/wp-json\/wp\/v2\/users\/9"}],"replies":[{"embeddable":true,"href":"https:\/\/www.evearly.news\/fr\/wp-json\/wp\/v2\/comments?post=315595"}],"version-history":[{"count":0,"href":"https:\/\/www.evearly.news\/fr\/wp-json\/wp\/v2\/posts\/315595\/revisions"}],"wp:featuredmedia":[{"embeddable":true,"href":"https:\/\/www.evearly.news\/fr\/wp-json\/wp\/v2\/media\/315596"}],"wp:attachment":[{"href":"https:\/\/www.evearly.news\/fr\/wp-json\/wp\/v2\/media?parent=315595"}],"wp:term":[{"taxonomy":"category","embeddable":true,"href":"https:\/\/www.evearly.news\/fr\/wp-json\/wp\/v2\/categories?post=315595"},{"taxonomy":"post_tag","embeddable":true,"href":"https:\/\/www.evearly.news\/fr\/wp-json\/wp\/v2\/tags?post=315595"}],"curies":[{"name":"wp","href":"https:\/\/api.w.org\/{rel}","templated":true}]}}