{"id":315607,"date":"2026-01-19T17:53:03","date_gmt":"2026-01-19T16:53:03","guid":{"rendered":"https:\/\/www.evearly.news\/fr\/ces-2026-nos-coups-de-coeur-sur-le-plus-grand-salon-tech-du-monde\/"},"modified":"2026-01-19T17:53:03","modified_gmt":"2026-01-19T16:53:03","slug":"ces-2026-nos-coups-de-coeur-sur-le-plus-grand-salon-tech-du-monde","status":"publish","type":"post","link":"https:\/\/www.evearly.news\/fr\/ces-2026-nos-coups-de-coeur-sur-le-plus-grand-salon-tech-du-monde\/","title":{"rendered":"CES 2026 : nos coups de c\u0153ur sur le plus grand salon tech du monde"},"content":{"rendered":"<p><img decoding=\"async\" width=\"500\" height=\"333\" src=\"https:\/\/www.evearly.news\/fr\/wp-content\/uploads\/sites\/6\/2026\/01\/ces-2026-nos-coups-de-coeur-sur-le-plus-grand-salon-tech-du-monde.jpg\" class=\"attachment-1200x800 size-1200x800 wp-post-image\" alt=\"\" loading=\"lazy\" srcset=\"https:\/\/www.evearly.news\/fr\/wp-content\/uploads\/sites\/6\/2026\/01\/ces-2026-nos-coups-de-coeur-sur-le-plus-grand-salon-tech-du-monde.jpg 1680w, https:\/\/www.evearly.news\/fr\/wp-content\/uploads\/sites\/6\/2026\/01\/ces-2026-nos-coups-de-coeur-sur-le-plus-grand-salon-tech-du-monde-1.jpg 1640w, https:\/\/www.evearly.news\/fr\/wp-content\/uploads\/sites\/6\/2026\/01\/ces-2026-nos-coups-de-coeur-sur-le-plus-grand-salon-tech-du-monde-2.jpg 1024w, https:\/\/www.evearly.news\/fr\/wp-content\/uploads\/sites\/6\/2026\/01\/ces-2026-nos-coups-de-coeur-sur-le-plus-grand-salon-tech-du-monde-3.jpg 768w, https:\/\/www.evearly.news\/fr\/wp-content\/uploads\/sites\/6\/2026\/01\/ces-2026-nos-coups-de-coeur-sur-le-plus-grand-salon-tech-du-monde-4.jpg 1536w, https:\/\/www.evearly.news\/fr\/wp-content\/uploads\/sites\/6\/2026\/01\/ces-2026-nos-coups-de-coeur-sur-le-plus-grand-salon-tech-du-monde-5.jpg 623w, https:\/\/cdn.automobile-propre.com\/uploads\/2026\/01\/CES-2026-960x720.jpg 960w\" sizes=\"auto, (max-width: 1067px) 100vw, 1067px\" \/><br \/>\nSi le CES est le plus grand salon d\u00e9di\u00e9 \u00e0 la tech du monde, c&rsquo;est aussi l&rsquo;occasion d&rsquo;y d\u00e9couvrir quelques\u2026\u00a0<a href=https:\/\/www.automobile-propre.com\/articles\/ces-2026-nos-coups-de-coeur-sur-le-plus-grand-salon-tech-du-monde\/ target='bwindow'>Lire la suite&#8230;<\/a><\/p>\n","protected":false},"excerpt":{"rendered":"<p>&#8230; <a class=\"continue-reading-link\" href=\"https:\/\/www.evearly.news\/fr\/ces-2026-nos-coups-de-coeur-sur-le-plus-grand-salon-tech-du-monde\/\"><\/a><\/p>\n","protected":false},"author":8,"featured_media":315608,"comment_status":"closed","ping_status":"open","sticky":false,"template":"Default","format":"standard","meta":{"footnotes":""},"categories":[8],"tags":[],"class_list":["post-315607","post","type-post","status-publish","format-standard","has-post-thumbnail","hentry","category-automobile-propre"],"_links":{"self":[{"href":"https:\/\/www.evearly.news\/fr\/wp-json\/wp\/v2\/posts\/315607","targetHints":{"allow":["GET"]}}],"collection":[{"href":"https:\/\/www.evearly.news\/fr\/wp-json\/wp\/v2\/posts"}],"about":[{"href":"https:\/\/www.evearly.news\/fr\/wp-json\/wp\/v2\/types\/post"}],"author":[{"embeddable":true,"href":"https:\/\/www.evearly.news\/fr\/wp-json\/wp\/v2\/users\/8"}],"replies":[{"embeddable":true,"href":"https:\/\/www.evearly.news\/fr\/wp-json\/wp\/v2\/comments?post=315607"}],"version-history":[{"count":0,"href":"https:\/\/www.evearly.news\/fr\/wp-json\/wp\/v2\/posts\/315607\/revisions"}],"wp:featuredmedia":[{"embeddable":true,"href":"https:\/\/www.evearly.news\/fr\/wp-json\/wp\/v2\/media\/315608"}],"wp:attachment":[{"href":"https:\/\/www.evearly.news\/fr\/wp-json\/wp\/v2\/media?parent=315607"}],"wp:term":[{"taxonomy":"category","embeddable":true,"href":"https:\/\/www.evearly.news\/fr\/wp-json\/wp\/v2\/categories?post=315607"},{"taxonomy":"post_tag","embeddable":true,"href":"https:\/\/www.evearly.news\/fr\/wp-json\/wp\/v2\/tags?post=315607"}],"curies":[{"name":"wp","href":"https:\/\/api.w.org\/{rel}","templated":true}]}}