{"id":315619,"date":"2026-01-20T07:50:06","date_gmt":"2026-01-20T06:50:06","guid":{"rendered":"https:\/\/www.evearly.news\/fr\/lannee-2025-sest-terminee-en-france-avec-185-501-points-de-recharge\/"},"modified":"2026-01-20T07:50:06","modified_gmt":"2026-01-20T06:50:06","slug":"lannee-2025-sest-terminee-en-france-avec-185-501-points-de-recharge","status":"publish","type":"post","link":"https:\/\/www.evearly.news\/fr\/lannee-2025-sest-terminee-en-france-avec-185-501-points-de-recharge\/","title":{"rendered":"L\u2019ann\u00e9e 2025 s\u2019est termin\u00e9e en France avec 185 501 points de recharge"},"content":{"rendered":"<p><img width=\"1000\" height=\"563\" src=\"https:\/\/www.evearly.news\/fr\/wp-content\/uploads\/sites\/6\/2026\/01\/lannee-2025-sest-terminee-en-france-avec-185-501-points-de-recharge.jpg\" class=\"attachment-post-thumbnail size-post-thumbnail wp-post-image\" alt=\"Forte hausse du nombre des recharges sur les routes \u00e0 l\u2019\u00e9t\u00e9 2025\" decoding=\"async\" fetchpriority=\"high\" srcset=\"https:\/\/www.evearly.news\/fr\/wp-content\/uploads\/sites\/6\/2026\/01\/lannee-2025-sest-terminee-en-france-avec-185-501-points-de-recharge.jpg 1000w, https:\/\/www.evearly.news\/fr\/wp-content\/uploads\/sites\/6\/2026\/01\/lannee-2025-sest-terminee-en-france-avec-185-501-points-de-recharge-1.jpg 300w, https:\/\/www.evearly.news\/fr\/wp-content\/uploads\/sites\/6\/2026\/01\/lannee-2025-sest-terminee-en-france-avec-185-501-points-de-recharge-2.jpg 998w, https:\/\/www.avem.fr\/wp-content\/uploads\/2025\/10\/ACTF1028_VacVE-768x432.jpg 768w\" sizes=\"(max-width: 1000px) 100vw, 1000px\" \/>Progressant sans discontinuer, le nombre des points de recharge (PDR) pour v\u00e9hicules \u00e9lectriques et hybrides rechargeables est pass\u00e9 en douze ans de 8 600 \u00e0 185 501. Ce n\u2019est pas la seule information que r\u00e9v\u00e8le le barom\u00e8tre national des IRVE que vient de publier l\u2019Avere-France. \u00a0 53 837 stations ouvertes [\u2026] <a href=https:\/\/www.avem.fr\/2026\/01\/20\/lannee-2025-sest-terminee-en-france-avec-185-501-points-de-recharge\/ target=blank>Lire la suite&#8230;<\/a><\/p>\n","protected":false},"excerpt":{"rendered":"<p><img loading=\"lazy\" decoding=\"async\" width=\"1000\" height=\"563\" src=\"https:\/\/www.evearly.news\/fr\/wp-content\/uploads\/sites\/6\/2026\/01\/lannee-2025-sest-terminee-en-france-avec-185-501-points-de-recharge.jpg\" class=\"attachment-post-thumbnail size-post-thumbnail wp-post-image\" alt=\"Forte hausse du nombre des recharges sur les routes \u00e0 l\u2019\u00e9t\u00e9 2025\" \/>Progressant sans discontinuer, le nombre des points de recharge (PDR) pour v\u00e9hicules \u00e9lectriques et hybrides rechargeables est pass\u00e9 en douze ans de 8 600 \u00e0 185 501. Ce n\u2019est pas la seule information que r\u00e9v\u00e8le le barom\u00e8tre national des IRVE que vient de publier l\u2019Avere-France. \u00a0 53 837 stations ouvertes [\u2026] <a class=\"continue-reading-link\" href=\"https:\/\/www.evearly.news\/fr\/lannee-2025-sest-terminee-en-france-avec-185-501-points-de-recharge\/\"><\/a><\/p>\n","protected":false},"author":3,"featured_media":315620,"comment_status":"closed","ping_status":"open","sticky":false,"template":"Default","format":"standard","meta":{"footnotes":""},"categories":[3],"tags":[],"class_list":["post-315619","post","type-post","status-publish","format-standard","has-post-thumbnail","hentry","category-avem"],"_links":{"self":[{"href":"https:\/\/www.evearly.news\/fr\/wp-json\/wp\/v2\/posts\/315619","targetHints":{"allow":["GET"]}}],"collection":[{"href":"https:\/\/www.evearly.news\/fr\/wp-json\/wp\/v2\/posts"}],"about":[{"href":"https:\/\/www.evearly.news\/fr\/wp-json\/wp\/v2\/types\/post"}],"author":[{"embeddable":true,"href":"https:\/\/www.evearly.news\/fr\/wp-json\/wp\/v2\/users\/3"}],"replies":[{"embeddable":true,"href":"https:\/\/www.evearly.news\/fr\/wp-json\/wp\/v2\/comments?post=315619"}],"version-history":[{"count":0,"href":"https:\/\/www.evearly.news\/fr\/wp-json\/wp\/v2\/posts\/315619\/revisions"}],"wp:featuredmedia":[{"embeddable":true,"href":"https:\/\/www.evearly.news\/fr\/wp-json\/wp\/v2\/media\/315620"}],"wp:attachment":[{"href":"https:\/\/www.evearly.news\/fr\/wp-json\/wp\/v2\/media?parent=315619"}],"wp:term":[{"taxonomy":"category","embeddable":true,"href":"https:\/\/www.evearly.news\/fr\/wp-json\/wp\/v2\/categories?post=315619"},{"taxonomy":"post_tag","embeddable":true,"href":"https:\/\/www.evearly.news\/fr\/wp-json\/wp\/v2\/tags?post=315619"}],"curies":[{"name":"wp","href":"https:\/\/api.w.org\/{rel}","templated":true}]}}