{"id":315625,"date":"2026-01-20T11:03:21","date_gmt":"2026-01-20T10:03:21","guid":{"rendered":"https:\/\/www.evearly.news\/fr\/autolib-est-mort-mais-paris-relance-lautopartage-pourquoi-valerie-pecresse-y-croit-vraiment-en-2027\/"},"modified":"2026-01-20T11:03:21","modified_gmt":"2026-01-20T10:03:21","slug":"autolib-est-mort-mais-paris-relance-lautopartage-pourquoi-valerie-pecresse-y-croit-vraiment-en-2027","status":"publish","type":"post","link":"https:\/\/www.evearly.news\/fr\/autolib-est-mort-mais-paris-relance-lautopartage-pourquoi-valerie-pecresse-y-croit-vraiment-en-2027\/","title":{"rendered":"Autolib\u2019 est mort, mais Paris relance l\u2019autopartage\u00a0: pourquoi Val\u00e9rie P\u00e9cresse y croit (vraiment) en 2027"},"content":{"rendered":"<p><img loading=\"lazy\" width=\"1920\" height=\"1080\" src=\"https:\/\/www.evearly.news\/fr\/wp-content\/uploads\/sites\/6\/2026\/01\/autolib-est-mort-mais-paris-relance-lautopartage-pourquoi-valerie-pecresse-y-croit-vraiment-en-2027.jpg\" class=\"attachment-full size-full wp-post-image\" alt=\"Autolib\" decoding=\"async\" srcset=\"https:\/\/www.evearly.news\/fr\/wp-content\/uploads\/sites\/6\/2026\/01\/autolib-est-mort-mais-paris-relance-lautopartage-pourquoi-valerie-pecresse-y-croit-vraiment-en-2027.jpg 1920w, https:\/\/www.evearly.news\/fr\/wp-content\/uploads\/sites\/6\/2026\/01\/autolib-est-mort-mais-paris-relance-lautopartage-pourquoi-valerie-pecresse-y-croit-vraiment-en-2027-1.jpg 384w, https:\/\/www.evearly.news\/fr\/wp-content\/uploads\/sites\/6\/2026\/01\/autolib-est-mort-mais-paris-relance-lautopartage-pourquoi-valerie-pecresse-y-croit-vraiment-en-2027-2.jpg 880w, https:\/\/www.evearly.news\/fr\/wp-content\/uploads\/sites\/6\/2026\/01\/autolib-est-mort-mais-paris-relance-lautopartage-pourquoi-valerie-pecresse-y-croit-vraiment-en-2027-3.jpg 50w, https:\/\/www.evearly.news\/fr\/wp-content\/uploads\/sites\/6\/2026\/01\/autolib-est-mort-mais-paris-relance-lautopartage-pourquoi-valerie-pecresse-y-croit-vraiment-en-2027-4.jpg 640w, https:\/\/www.evearly.news\/fr\/wp-content\/uploads\/sites\/6\/2026\/01\/autolib-est-mort-mais-paris-relance-lautopartage-pourquoi-valerie-pecresse-y-croit-vraiment-en-2027-5.jpg 1280w, https:\/\/www.evearly.news\/fr\/wp-content\/uploads\/sites\/6\/2026\/01\/autolib-est-mort-mais-paris-relance-lautopartage-pourquoi-valerie-pecresse-y-croit-vraiment-en-2027-6.jpg 1632w, https:\/\/www.presse-citron.net\/app\/uploads\/2026\/01\/autolib-1600x900.jpg 1600w\" sizes=\"auto, (max-width: 1920px) 100vw, 1920px\"><\/p>\n<p>Pouvoir louer une voiture dans Paris ou en r\u00e9gion parisienne ? Val\u00e9rie P\u00e9cresse veut faire rena\u00eetre l\u2019autopartage dans la capitale.<a href=\"https:\/\/www.presse-citron.net\/autolib-est-mort-mais-paris-relance-lautopartage-pourquoi-valerie-pecresse-y-croit-vraiment-en-2027\/\" target=blank> Lire la suite&#8230;<\/a><\/p>\n","protected":false},"excerpt":{"rendered":"<p>Pouvoir louer une voiture dans Paris ou en r\u00e9gion parisienne ? Val\u00e9rie P\u00e9cresse veut faire rena\u00eetre l\u2019autopartage dans la capitale&#8230;. <a class=\"continue-reading-link\" href=\"https:\/\/www.evearly.news\/fr\/autolib-est-mort-mais-paris-relance-lautopartage-pourquoi-valerie-pecresse-y-croit-vraiment-en-2027\/\"><\/a><\/p>\n","protected":false},"author":18,"featured_media":315626,"comment_status":"closed","ping_status":"open","sticky":false,"template":"Default","format":"standard","meta":{"footnotes":""},"categories":[19],"tags":[],"class_list":["post-315625","post","type-post","status-publish","format-standard","has-post-thumbnail","hentry","category-presse-citron"],"_links":{"self":[{"href":"https:\/\/www.evearly.news\/fr\/wp-json\/wp\/v2\/posts\/315625","targetHints":{"allow":["GET"]}}],"collection":[{"href":"https:\/\/www.evearly.news\/fr\/wp-json\/wp\/v2\/posts"}],"about":[{"href":"https:\/\/www.evearly.news\/fr\/wp-json\/wp\/v2\/types\/post"}],"author":[{"embeddable":true,"href":"https:\/\/www.evearly.news\/fr\/wp-json\/wp\/v2\/users\/18"}],"replies":[{"embeddable":true,"href":"https:\/\/www.evearly.news\/fr\/wp-json\/wp\/v2\/comments?post=315625"}],"version-history":[{"count":0,"href":"https:\/\/www.evearly.news\/fr\/wp-json\/wp\/v2\/posts\/315625\/revisions"}],"wp:featuredmedia":[{"embeddable":true,"href":"https:\/\/www.evearly.news\/fr\/wp-json\/wp\/v2\/media\/315626"}],"wp:attachment":[{"href":"https:\/\/www.evearly.news\/fr\/wp-json\/wp\/v2\/media?parent=315625"}],"wp:term":[{"taxonomy":"category","embeddable":true,"href":"https:\/\/www.evearly.news\/fr\/wp-json\/wp\/v2\/categories?post=315625"},{"taxonomy":"post_tag","embeddable":true,"href":"https:\/\/www.evearly.news\/fr\/wp-json\/wp\/v2\/tags?post=315625"}],"curies":[{"name":"wp","href":"https:\/\/api.w.org\/{rel}","templated":true}]}}