{"id":315631,"date":"2026-01-20T11:57:53","date_gmt":"2026-01-20T10:57:53","guid":{"rendered":"https:\/\/www.evearly.news\/fr\/pourquoi-cette-nouvelle-berline-electrique-chinoise-dit-adieu-a-ses-poignees-de-portes-popularisees-par-tesla\/"},"modified":"2026-01-20T11:57:53","modified_gmt":"2026-01-20T10:57:53","slug":"pourquoi-cette-nouvelle-berline-electrique-chinoise-dit-adieu-a-ses-poignees-de-portes-popularisees-par-tesla","status":"publish","type":"post","link":"https:\/\/www.evearly.news\/fr\/pourquoi-cette-nouvelle-berline-electrique-chinoise-dit-adieu-a-ses-poignees-de-portes-popularisees-par-tesla\/","title":{"rendered":"Pourquoi cette nouvelle berline \u00e9lectrique chinoise dit adieu \u00e0 ses poign\u00e9es de portes popularis\u00e9es par Tesla"},"content":{"rendered":"<p><img width=\"1200\" height=\"675\" src=\"https:\/\/www.evearly.news\/fr\/wp-content\/uploads\/sites\/6\/2026\/01\/pourquoi-cette-nouvelle-berline-electrique-chinoise-dit-adieu-a-ses-poignees-de-portes-popularisees-par-tesla.jpg\" class=\"attachment-full size-full wp-post-image\" alt=\"\" decoding=\"async\" loading=\"lazy\" \/<br \/>\nD\u00e9voil\u00e9e en 2023, l\u2019Avatr 12 s\u2019offre un petit coup de jeune en ce d\u00e9but d\u2019ann\u00e9e 2026. La voiture \u00e9lectrique chinoise dit notamment adieu \u00e0 ses poign\u00e9es affleurantes, pour une raison bien pr\u00e9cise.<br \/>\n <a href=https:\/\/www.frandroid.com\/survoltes\/voitures-electriques\/2948477_pourquoi-cette-nouvelle-berline-electrique-chinoise-dit-adieu-a-ses-poignees-de-portes-popularisees-par-tesla target='blank'>Lire la suite&#8230;<\/a><\/p>\n","protected":false},"excerpt":{"rendered":"<p>&lt;img width=&quot;1200&quot; height=&quot;675&quot; src=&quot;https:\/\/www.evearly.news\/fr\/wp-content\/uploads\/sites\/6\/2026\/01\/pourquoi-cette-nouvelle-berline-electrique-chinoise-dit-adieu-a-ses-poignees-de-portes-popularisees-par-tesla.jpg&quot; class=&quot;attachment-full size-full wp-post-image&quot; alt=&quot;&quot; decoding=&quot;async&quot; loading=&quot;lazy&quot; \/<br \/>\nD\u00e9voil\u00e9e en 2023, l\u2019Avatr 12 s\u2019offre un petit coup de jeune en ce d\u00e9but d\u2019ann\u00e9e 2026. La voiture \u00e9lectrique chinoise dit notamment adieu \u00e0 ses poign\u00e9es affleurantes, pour une raison bien pr\u00e9cise.\n<\/p>\n<p> <a class=\"continue-reading-link\" href=\"https:\/\/www.evearly.news\/fr\/pourquoi-cette-nouvelle-berline-electrique-chinoise-dit-adieu-a-ses-poignees-de-portes-popularisees-par-tesla\/\"><\/a><\/p>\n","protected":false},"author":6,"featured_media":315632,"comment_status":"closed","ping_status":"open","sticky":false,"template":"Default","format":"standard","meta":{"footnotes":""},"categories":[14],"tags":[],"class_list":["post-315631","post","type-post","status-publish","format-standard","has-post-thumbnail","hentry","category-frandroid"],"_links":{"self":[{"href":"https:\/\/www.evearly.news\/fr\/wp-json\/wp\/v2\/posts\/315631","targetHints":{"allow":["GET"]}}],"collection":[{"href":"https:\/\/www.evearly.news\/fr\/wp-json\/wp\/v2\/posts"}],"about":[{"href":"https:\/\/www.evearly.news\/fr\/wp-json\/wp\/v2\/types\/post"}],"author":[{"embeddable":true,"href":"https:\/\/www.evearly.news\/fr\/wp-json\/wp\/v2\/users\/6"}],"replies":[{"embeddable":true,"href":"https:\/\/www.evearly.news\/fr\/wp-json\/wp\/v2\/comments?post=315631"}],"version-history":[{"count":0,"href":"https:\/\/www.evearly.news\/fr\/wp-json\/wp\/v2\/posts\/315631\/revisions"}],"wp:featuredmedia":[{"embeddable":true,"href":"https:\/\/www.evearly.news\/fr\/wp-json\/wp\/v2\/media\/315632"}],"wp:attachment":[{"href":"https:\/\/www.evearly.news\/fr\/wp-json\/wp\/v2\/media?parent=315631"}],"wp:term":[{"taxonomy":"category","embeddable":true,"href":"https:\/\/www.evearly.news\/fr\/wp-json\/wp\/v2\/categories?post=315631"},{"taxonomy":"post_tag","embeddable":true,"href":"https:\/\/www.evearly.news\/fr\/wp-json\/wp\/v2\/tags?post=315631"}],"curies":[{"name":"wp","href":"https:\/\/api.w.org\/{rel}","templated":true}]}}