{"id":315637,"date":"2026-01-20T13:05:35","date_gmt":"2026-01-20T12:05:35","guid":{"rendered":"https:\/\/www.evearly.news\/fr\/byd-etend-la-garantie-de-sa-batterie-a-8-ans-ou-250-000-km\/"},"modified":"2026-01-21T22:52:18","modified_gmt":"2026-01-21T21:52:18","slug":"byd-etend-la-garantie-de-sa-batterie-a-8-ans-ou-250-000-km","status":"publish","type":"post","link":"https:\/\/www.evearly.news\/fr\/byd-etend-la-garantie-de-sa-batterie-a-8-ans-ou-250-000-km\/","title":{"rendered":"BYD \u00e9tend la garantie de sa batterie \u00e0 8 ans ou 250 000 km"},"content":{"rendered":"<p><img decoding=\"async\" src=\"https:\/\/electriquemag.fr\/wp-content\/uploads\/2026\/01\/charging-up-to-100-laptop.jpg\" \/><br \/>\nC\u2019est l\u2019un des principaux freins \u00e0 l\u2019achat d\u2019un v\u00e9hicule \u00e9lectrique : la dur\u00e9e de vie de la batterie. BYD l\u2019a bien compris. Le constructeur chinois annonce une extension majeure de la garantie de sa batterie Blade, d\u00e9sormais couverte 8 ans ou 250 000 kilom\u00e8tres, avec une garantie de capacit\u00e9 minimale de 70 %. Une annonce qui pourrait bien rebattre les\u2026 <a href=\"https:\/\/electriquemag.fr\/byd-etend-la-garantie-de-sa-batterie-a-8-ans-ou-250-000-km\/\" target=\"bwindow\">Lire la suite&#8230;<\/a><\/p>\n","protected":false},"excerpt":{"rendered":"<p>&#8230; <a class=\"continue-reading-link\" href=\"https:\/\/www.evearly.news\/fr\/byd-etend-la-garantie-de-sa-batterie-a-8-ans-ou-250-000-km\/\"><\/a><\/p>\n","protected":false},"author":13,"featured_media":0,"comment_status":"closed","ping_status":"open","sticky":false,"template":"Default","format":"standard","meta":{"footnotes":""},"categories":[13],"tags":[],"class_list":["post-315637","post","type-post","status-publish","format-standard","hentry","category-electriquemag"],"_links":{"self":[{"href":"https:\/\/www.evearly.news\/fr\/wp-json\/wp\/v2\/posts\/315637","targetHints":{"allow":["GET"]}}],"collection":[{"href":"https:\/\/www.evearly.news\/fr\/wp-json\/wp\/v2\/posts"}],"about":[{"href":"https:\/\/www.evearly.news\/fr\/wp-json\/wp\/v2\/types\/post"}],"author":[{"embeddable":true,"href":"https:\/\/www.evearly.news\/fr\/wp-json\/wp\/v2\/users\/13"}],"replies":[{"embeddable":true,"href":"https:\/\/www.evearly.news\/fr\/wp-json\/wp\/v2\/comments?post=315637"}],"version-history":[{"count":2,"href":"https:\/\/www.evearly.news\/fr\/wp-json\/wp\/v2\/posts\/315637\/revisions"}],"predecessor-version":[{"id":315757,"href":"https:\/\/www.evearly.news\/fr\/wp-json\/wp\/v2\/posts\/315637\/revisions\/315757"}],"wp:attachment":[{"href":"https:\/\/www.evearly.news\/fr\/wp-json\/wp\/v2\/media?parent=315637"}],"wp:term":[{"taxonomy":"category","embeddable":true,"href":"https:\/\/www.evearly.news\/fr\/wp-json\/wp\/v2\/categories?post=315637"},{"taxonomy":"post_tag","embeddable":true,"href":"https:\/\/www.evearly.news\/fr\/wp-json\/wp\/v2\/tags?post=315637"}],"curies":[{"name":"wp","href":"https:\/\/api.w.org\/{rel}","templated":true}]}}