{"id":315656,"date":"2026-01-20T17:52:17","date_gmt":"2026-01-20T16:52:17","guid":{"rendered":"https:\/\/www.evearly.news\/fr\/skoda-elroq-85-son-systeme-de-preconditionnement-est-il-efficace\/"},"modified":"2026-01-20T17:52:17","modified_gmt":"2026-01-20T16:52:17","slug":"skoda-elroq-85-son-systeme-de-preconditionnement-est-il-efficace","status":"publish","type":"post","link":"https:\/\/www.evearly.news\/fr\/skoda-elroq-85-son-systeme-de-preconditionnement-est-il-efficace\/","title":{"rendered":"Skoda Elroq 85 : son syst\u00e8me de pr\u00e9conditionnement est-il efficace ?"},"content":{"rendered":"<p><img decoding=\"async\" width=\"500\" height=\"333\" src=\"https:\/\/www.evearly.news\/fr\/wp-content\/uploads\/sites\/6\/2026\/01\/skoda-elroq-85-son-systeme-de-preconditionnement-est-il-efficace.jpg\" class=\"attachment-1200x800 size-1200x800 wp-post-image\" alt=\"\" loading=\"lazy\" srcset=\"https:\/\/www.evearly.news\/fr\/wp-content\/uploads\/sites\/6\/2026\/01\/skoda-elroq-85-son-systeme-de-preconditionnement-est-il-efficace.jpg 1536w, https:\/\/www.evearly.news\/fr\/wp-content\/uploads\/sites\/6\/2026\/01\/skoda-elroq-85-son-systeme-de-preconditionnement-est-il-efficace-1.jpg 1024w, https:\/\/www.evearly.news\/fr\/wp-content\/uploads\/sites\/6\/2026\/01\/skoda-elroq-85-son-systeme-de-preconditionnement-est-il-efficace-2.jpg 140w, https:\/\/www.evearly.news\/fr\/wp-content\/uploads\/sites\/6\/2026\/01\/skoda-elroq-85-son-systeme-de-preconditionnement-est-il-efficace-3.jpg 768w, https:\/\/www.evearly.news\/fr\/wp-content\/uploads\/sites\/6\/2026\/01\/skoda-elroq-85-son-systeme-de-preconditionnement-est-il-efficace-4.jpg 700w, https:\/\/www.evearly.news\/fr\/wp-content\/uploads\/sites\/6\/2026\/01\/skoda-elroq-85-son-systeme-de-preconditionnement-est-il-efficace-5.jpg 960w, https:\/\/www.evearly.news\/fr\/wp-content\/uploads\/sites\/6\/2026\/01\/skoda-elroq-85-son-systeme-de-preconditionnement-est-il-efficace-6.jpg 100w, https:\/\/cdn.automobile-propre.com\/uploads\/2026\/01\/Essai-Supertest-hiver-Skoda-Elroq-85-29.jpg 1600w\" sizes=\"auto, (max-width: 1200px) 100vw, 1200px\" \/><br \/>\nComme toutes les bonnes voitures \u00e9lectriques, le Skoda Elroq embarque un syst\u00e8me de pr\u00e9conditionnement batterie. Voyons son niveau d\u2019efficacit\u00e9. La\u2026\u00a0<a href=https:\/\/www.automobile-propre.com\/articles\/skoda-elroq-85-son-systeme-de-preconditionnement-est-il-efficace\/ target='bwindow'>Lire la suite&#8230;<\/a><\/p>\n","protected":false},"excerpt":{"rendered":"<p>&#8230; <a class=\"continue-reading-link\" href=\"https:\/\/www.evearly.news\/fr\/skoda-elroq-85-son-systeme-de-preconditionnement-est-il-efficace\/\"><\/a><\/p>\n","protected":false},"author":8,"featured_media":315657,"comment_status":"closed","ping_status":"open","sticky":false,"template":"Default","format":"standard","meta":{"footnotes":""},"categories":[8],"tags":[],"class_list":["post-315656","post","type-post","status-publish","format-standard","has-post-thumbnail","hentry","category-automobile-propre"],"_links":{"self":[{"href":"https:\/\/www.evearly.news\/fr\/wp-json\/wp\/v2\/posts\/315656","targetHints":{"allow":["GET"]}}],"collection":[{"href":"https:\/\/www.evearly.news\/fr\/wp-json\/wp\/v2\/posts"}],"about":[{"href":"https:\/\/www.evearly.news\/fr\/wp-json\/wp\/v2\/types\/post"}],"author":[{"embeddable":true,"href":"https:\/\/www.evearly.news\/fr\/wp-json\/wp\/v2\/users\/8"}],"replies":[{"embeddable":true,"href":"https:\/\/www.evearly.news\/fr\/wp-json\/wp\/v2\/comments?post=315656"}],"version-history":[{"count":0,"href":"https:\/\/www.evearly.news\/fr\/wp-json\/wp\/v2\/posts\/315656\/revisions"}],"wp:featuredmedia":[{"embeddable":true,"href":"https:\/\/www.evearly.news\/fr\/wp-json\/wp\/v2\/media\/315657"}],"wp:attachment":[{"href":"https:\/\/www.evearly.news\/fr\/wp-json\/wp\/v2\/media?parent=315656"}],"wp:term":[{"taxonomy":"category","embeddable":true,"href":"https:\/\/www.evearly.news\/fr\/wp-json\/wp\/v2\/categories?post=315656"},{"taxonomy":"post_tag","embeddable":true,"href":"https:\/\/www.evearly.news\/fr\/wp-json\/wp\/v2\/tags?post=315656"}],"curies":[{"name":"wp","href":"https:\/\/api.w.org\/{rel}","templated":true}]}}