{"id":315658,"date":"2026-01-20T18:53:18","date_gmt":"2026-01-20T17:53:18","guid":{"rendered":"https:\/\/www.evearly.news\/fr\/pourquoi-les-voitures-protegent-moins-bien-les-femmes-que-les-hommes-et-pourquoi-ca-va-changer\/"},"modified":"2026-01-20T18:53:18","modified_gmt":"2026-01-20T17:53:18","slug":"pourquoi-les-voitures-protegent-moins-bien-les-femmes-que-les-hommes-et-pourquoi-ca-va-changer","status":"publish","type":"post","link":"https:\/\/www.evearly.news\/fr\/pourquoi-les-voitures-protegent-moins-bien-les-femmes-que-les-hommes-et-pourquoi-ca-va-changer\/","title":{"rendered":"Pourquoi les voitures prot\u00e8gent moins bien les femmes que les hommes, et pourquoi \u00e7a va changer"},"content":{"rendered":"<p><img width=\"1200\" height=\"675\" src=\"https:\/\/www.evearly.news\/fr\/wp-content\/uploads\/sites\/6\/2026\/01\/pourquoi-les-voitures-protegent-moins-bien-les-femmes-que-les-hommes-et-pourquoi-ca-va-changer.jpg\" class=\"attachment-full size-full wp-post-image\" alt=\"\" decoding=\"async\" loading=\"lazy\" \/<br \/>\nSi les constructeurs aiment toujours communiquer sur la s\u00e9curit\u00e9 de leurs voitures, il aura fallu attendre 2026 pour qu&rsquo;un mannequin f\u00e9minin de crash-test soit officiellement pr\u00e9sent\u00e9. De quoi augurer d&rsquo;une s\u00e9curit\u00e9 accrue, et ce pour l&rsquo;int\u00e9gralit\u00e9 de la population.<br \/>\n <a href=https:\/\/www.frandroid.com\/survoltes\/voitures-electriques\/2948127_pourquoi-les-voitures-protegent-moins-bien-les-femmes-que-les-hommes-et-pourquoi-ca-va-changer target='blank'>Lire la suite&#8230;<\/a><\/p>\n","protected":false},"excerpt":{"rendered":"<p>&lt;img width=&quot;1200&quot; height=&quot;675&quot; src=&quot;https:\/\/www.evearly.news\/fr\/wp-content\/uploads\/sites\/6\/2026\/01\/pourquoi-les-voitures-protegent-moins-bien-les-femmes-que-les-hommes-et-pourquoi-ca-va-changer.jpg&quot; class=&quot;attachment-full size-full wp-post-image&quot; alt=&quot;&quot; decoding=&quot;async&quot; loading=&quot;lazy&quot; \/<br \/>\nSi les constructeurs aiment toujours communiquer sur la s\u00e9curit\u00e9 de leurs voitures, il aura fallu attendre 2026 pour qu&rsquo;un mannequin f\u00e9minin de crash-test soit officiellement pr\u00e9sent\u00e9. De quoi augurer d&rsquo;une s\u00e9curit\u00e9 accrue, et ce pour l&rsquo;int\u00e9gralit\u00e9 de la population.\n<\/p>\n<p> <a class=\"continue-reading-link\" href=\"https:\/\/www.evearly.news\/fr\/pourquoi-les-voitures-protegent-moins-bien-les-femmes-que-les-hommes-et-pourquoi-ca-va-changer\/\"><\/a><\/p>\n","protected":false},"author":6,"featured_media":315659,"comment_status":"closed","ping_status":"open","sticky":false,"template":"Default","format":"standard","meta":{"footnotes":""},"categories":[14],"tags":[],"class_list":["post-315658","post","type-post","status-publish","format-standard","has-post-thumbnail","hentry","category-frandroid"],"_links":{"self":[{"href":"https:\/\/www.evearly.news\/fr\/wp-json\/wp\/v2\/posts\/315658","targetHints":{"allow":["GET"]}}],"collection":[{"href":"https:\/\/www.evearly.news\/fr\/wp-json\/wp\/v2\/posts"}],"about":[{"href":"https:\/\/www.evearly.news\/fr\/wp-json\/wp\/v2\/types\/post"}],"author":[{"embeddable":true,"href":"https:\/\/www.evearly.news\/fr\/wp-json\/wp\/v2\/users\/6"}],"replies":[{"embeddable":true,"href":"https:\/\/www.evearly.news\/fr\/wp-json\/wp\/v2\/comments?post=315658"}],"version-history":[{"count":0,"href":"https:\/\/www.evearly.news\/fr\/wp-json\/wp\/v2\/posts\/315658\/revisions"}],"wp:featuredmedia":[{"embeddable":true,"href":"https:\/\/www.evearly.news\/fr\/wp-json\/wp\/v2\/media\/315659"}],"wp:attachment":[{"href":"https:\/\/www.evearly.news\/fr\/wp-json\/wp\/v2\/media?parent=315658"}],"wp:term":[{"taxonomy":"category","embeddable":true,"href":"https:\/\/www.evearly.news\/fr\/wp-json\/wp\/v2\/categories?post=315658"},{"taxonomy":"post_tag","embeddable":true,"href":"https:\/\/www.evearly.news\/fr\/wp-json\/wp\/v2\/tags?post=315658"}],"curies":[{"name":"wp","href":"https:\/\/api.w.org\/{rel}","templated":true}]}}