{"id":315664,"date":"2026-01-20T20:02:28","date_gmt":"2026-01-20T19:02:28","guid":{"rendered":"https:\/\/www.evearly.news\/fr\/le-canada-ouvre-ses-frontieres-aux-voitures-electriques-chinoises\/"},"modified":"2026-01-20T20:02:28","modified_gmt":"2026-01-20T19:02:28","slug":"le-canada-ouvre-ses-frontieres-aux-voitures-electriques-chinoises","status":"publish","type":"post","link":"https:\/\/www.evearly.news\/fr\/le-canada-ouvre-ses-frontieres-aux-voitures-electriques-chinoises\/","title":{"rendered":"Le Canada ouvre ses fronti\u00e8res aux voitures \u00e9lectriques chinoises"},"content":{"rendered":"<p><img loading=\"lazy\" decoding=\"async\" width=\"500\" height=\"333\" src=\"https:\/\/www.evearly.news\/fr\/wp-content\/uploads\/sites\/6\/2026\/01\/le-canada-ouvre-ses-frontieres-aux-voitures-electriques-chinoises.jpg\" class=\"attachment-1200x800 size-1200x800 wp-post-image\" alt=\"\" srcset=\"https:\/\/www.evearly.news\/fr\/wp-content\/uploads\/sites\/6\/2026\/01\/le-canada-ouvre-ses-frontieres-aux-voitures-electriques-chinoises.jpg 1200w, https:\/\/www.evearly.news\/fr\/wp-content\/uploads\/sites\/6\/2026\/01\/le-canada-ouvre-ses-frontieres-aux-voitures-electriques-chinoises-1.jpg 1024w, https:\/\/www.evearly.news\/fr\/wp-content\/uploads\/sites\/6\/2026\/01\/le-canada-ouvre-ses-frontieres-aux-voitures-electriques-chinoises-2.jpg 140w, https:\/\/www.evearly.news\/fr\/wp-content\/uploads\/sites\/6\/2026\/01\/le-canada-ouvre-ses-frontieres-aux-voitures-electriques-chinoises-3.jpg 768w, https:\/\/www.evearly.news\/fr\/wp-content\/uploads\/sites\/6\/2026\/01\/le-canada-ouvre-ses-frontieres-aux-voitures-electriques-chinoises-4.jpg 620w, https:\/\/www.evearly.news\/fr\/wp-content\/uploads\/sites\/6\/2026\/01\/le-canada-ouvre-ses-frontieres-aux-voitures-electriques-chinoises-5.jpg 100w, https:\/\/www.evearly.news\/fr\/wp-content\/uploads\/sites\/6\/2026\/01\/le-canada-ouvre-ses-frontieres-aux-voitures-electriques-chinoises-6.jpg 190w, https:\/\/cdn.automobile-propre.com\/uploads\/2025\/06\/BYD-Super-e-Platform-Technique-10-600x400.jpg 600w\" sizes=\"auto, (max-width: 1200px) 100vw, 1200px\" \/><br \/>\nLes relations se r\u00e9chauffent entre le Canada et la Chine. Un nouvel accord commercial pr\u00e9voit la baisse des taxes \u00e0 l&rsquo;importation des v\u00e9hicules \u00e9lectriques chinois au Canada. Mais en quantit\u00e9s limit\u00e9es.\u00a0<a href=https:\/\/www.automobile-propre.com\/breves\/le-canada-ouvre-ses-frontieres-aux-voitures-electriques-chinoises\/ target='bwindow'>Lire la suite&#8230;<\/a><\/p>\n","protected":false},"excerpt":{"rendered":"<p>&#8230; <a class=\"continue-reading-link\" href=\"https:\/\/www.evearly.news\/fr\/le-canada-ouvre-ses-frontieres-aux-voitures-electriques-chinoises\/\"><\/a><\/p>\n","protected":false},"author":8,"featured_media":315665,"comment_status":"closed","ping_status":"open","sticky":false,"template":"Default","format":"standard","meta":{"footnotes":""},"categories":[8],"tags":[],"class_list":["post-315664","post","type-post","status-publish","format-standard","has-post-thumbnail","hentry","category-automobile-propre"],"_links":{"self":[{"href":"https:\/\/www.evearly.news\/fr\/wp-json\/wp\/v2\/posts\/315664","targetHints":{"allow":["GET"]}}],"collection":[{"href":"https:\/\/www.evearly.news\/fr\/wp-json\/wp\/v2\/posts"}],"about":[{"href":"https:\/\/www.evearly.news\/fr\/wp-json\/wp\/v2\/types\/post"}],"author":[{"embeddable":true,"href":"https:\/\/www.evearly.news\/fr\/wp-json\/wp\/v2\/users\/8"}],"replies":[{"embeddable":true,"href":"https:\/\/www.evearly.news\/fr\/wp-json\/wp\/v2\/comments?post=315664"}],"version-history":[{"count":0,"href":"https:\/\/www.evearly.news\/fr\/wp-json\/wp\/v2\/posts\/315664\/revisions"}],"wp:featuredmedia":[{"embeddable":true,"href":"https:\/\/www.evearly.news\/fr\/wp-json\/wp\/v2\/media\/315665"}],"wp:attachment":[{"href":"https:\/\/www.evearly.news\/fr\/wp-json\/wp\/v2\/media?parent=315664"}],"wp:term":[{"taxonomy":"category","embeddable":true,"href":"https:\/\/www.evearly.news\/fr\/wp-json\/wp\/v2\/categories?post=315664"},{"taxonomy":"post_tag","embeddable":true,"href":"https:\/\/www.evearly.news\/fr\/wp-json\/wp\/v2\/tags?post=315664"}],"curies":[{"name":"wp","href":"https:\/\/api.w.org\/{rel}","templated":true}]}}