{"id":315668,"date":"2026-01-20T21:24:18","date_gmt":"2026-01-20T20:24:18","guid":{"rendered":"https:\/\/www.evearly.news\/fr\/contrairement-a-nous-ce-pays-voisin-ne-soutient-pas-que-lelectrique-pure-et-nexclut-pas-les-marques-chinoises\/"},"modified":"2026-01-20T21:24:18","modified_gmt":"2026-01-20T20:24:18","slug":"contrairement-a-nous-ce-pays-voisin-ne-soutient-pas-que-lelectrique-pure-et-nexclut-pas-les-marques-chinoises","status":"publish","type":"post","link":"https:\/\/www.evearly.news\/fr\/contrairement-a-nous-ce-pays-voisin-ne-soutient-pas-que-lelectrique-pure-et-nexclut-pas-les-marques-chinoises\/","title":{"rendered":"Contrairement \u00e0 nous, ce pays voisin ne soutient pas que l&rsquo;\u00e9lectrique pure et n&rsquo;exclut pas les marques chinoises"},"content":{"rendered":"<div class=\"media_block\"><img decoding=\"async\" src=\"https:\/\/www.evearly.news\/fr\/wp-content\/uploads\/sites\/6\/2026\/01\/contrairement-a-nous-ce-pays-voisin-ne-soutient-pas-que-lelectrique-pure-et-nexclut-pas-les-marques-chinoises.jpg\"><\/div>\n<p>Apr\u00e8s deux ann\u00e9es d&rsquo;aller-retour budg\u00e9taire, l\u2019Allemagne remet enfin de l\u2019ordre dans sa politique de soutien \u00e0 la voiture \u00e9lectrique. Berlin s\u2019appr\u00eate \u00e0 relancer un vaste programme d\u2019aides \u00e0 l\u2019achat destin\u00e9 aux m\u00e9nages modestes et interm\u00e9diaires, avec une enveloppe de 3 milliards d\u2019euros jusqu\u2019en 2029. Particularit\u00e9 notable : les hybrides rechargeables et les v\u00e9hicules \u00e9lectriques \u00e0 prolongateur d\u2019autonomie sont int\u00e9gr\u00e9s au dispositif, tout comme les mod\u00e8les chinois, sans restriction d\u2019origine. <a href=https:\/\/www.automobile-magazine.fr\/voitures-electriques\/article\/50756-contrairement-a-nous-ce-pays-voisin-ne-soutient-pas-que-lelectrique-pure-et-nexclut-pas-les-marques-chinoises target='bwindow'>Lire la suite&#8230;<\/a><\/p>\n","protected":false},"excerpt":{"rendered":"<div class=\"media_block\"><img decoding=\"async\" src=\"https:\/\/www.evearly.news\/fr\/wp-content\/uploads\/sites\/6\/2026\/01\/contrairement-a-nous-ce-pays-voisin-ne-soutient-pas-que-lelectrique-pure-et-nexclut-pas-les-marques-chinoises.jpg\"><\/div>\n<p> <a class=\"continue-reading-link\" href=\"https:\/\/www.evearly.news\/fr\/contrairement-a-nous-ce-pays-voisin-ne-soutient-pas-que-lelectrique-pure-et-nexclut-pas-les-marques-chinoises\/\"><\/a><\/p>\n","protected":false},"author":7,"featured_media":315669,"comment_status":"closed","ping_status":"open","sticky":false,"template":"Default","format":"standard","meta":{"footnotes":""},"categories":[7],"tags":[],"class_list":["post-315668","post","type-post","status-publish","format-standard","has-post-thumbnail","hentry","category-automobile-magazine"],"_links":{"self":[{"href":"https:\/\/www.evearly.news\/fr\/wp-json\/wp\/v2\/posts\/315668","targetHints":{"allow":["GET"]}}],"collection":[{"href":"https:\/\/www.evearly.news\/fr\/wp-json\/wp\/v2\/posts"}],"about":[{"href":"https:\/\/www.evearly.news\/fr\/wp-json\/wp\/v2\/types\/post"}],"author":[{"embeddable":true,"href":"https:\/\/www.evearly.news\/fr\/wp-json\/wp\/v2\/users\/7"}],"replies":[{"embeddable":true,"href":"https:\/\/www.evearly.news\/fr\/wp-json\/wp\/v2\/comments?post=315668"}],"version-history":[{"count":0,"href":"https:\/\/www.evearly.news\/fr\/wp-json\/wp\/v2\/posts\/315668\/revisions"}],"wp:featuredmedia":[{"embeddable":true,"href":"https:\/\/www.evearly.news\/fr\/wp-json\/wp\/v2\/media\/315669"}],"wp:attachment":[{"href":"https:\/\/www.evearly.news\/fr\/wp-json\/wp\/v2\/media?parent=315668"}],"wp:term":[{"taxonomy":"category","embeddable":true,"href":"https:\/\/www.evearly.news\/fr\/wp-json\/wp\/v2\/categories?post=315668"},{"taxonomy":"post_tag","embeddable":true,"href":"https:\/\/www.evearly.news\/fr\/wp-json\/wp\/v2\/tags?post=315668"}],"curies":[{"name":"wp","href":"https:\/\/api.w.org\/{rel}","templated":true}]}}