{"id":315670,"date":"2026-01-20T21:25:04","date_gmt":"2026-01-20T20:25:04","guid":{"rendered":"https:\/\/www.evearly.news\/fr\/opel-veut-ressusciter-la-manta-mais-il-va-falloir-patienter\/"},"modified":"2026-01-20T21:25:04","modified_gmt":"2026-01-20T20:25:04","slug":"opel-veut-ressusciter-la-manta-mais-il-va-falloir-patienter","status":"publish","type":"post","link":"https:\/\/www.evearly.news\/fr\/opel-veut-ressusciter-la-manta-mais-il-va-falloir-patienter\/","title":{"rendered":"Opel veut ressusciter la Manta, mais il va falloir patienter"},"content":{"rendered":"<div class=\"media_block\"><img decoding=\"async\" src=\"https:\/\/www.evearly.news\/fr\/wp-content\/uploads\/sites\/6\/2026\/01\/opel-veut-ressusciter-la-manta-mais-il-va-falloir-patienter.jpg\"><\/div>\n<p>Concept tr\u00e8s remarqu\u00e9 en 2021, la Manta GSe ElektroMod avait raviv\u00e9 la flamme des amateurs de coup\u00e9s chez Opel. Depuis, le silence et les reports ont nourri le doute. Entre priorit\u00e9s industrielles, \u00e9lectrification contrainte et march\u00e9 peu favorable aux coup\u00e9s, le retour de la Manta s\u2019annonce plus complexe que pr\u00e9vu. Pourtant, le nom n\u2019a pas disparu des plans de R\u00fcsselsheim, loin de l\u00e0. <a href=https:\/\/www.automobile-magazine.fr\/voitures-electriques\/article\/50763-opel-veut-ressusciter-la-manta-mais-il-va-falloir-patienter target='bwindow'>Lire la suite&#8230;<\/a><\/p>\n","protected":false},"excerpt":{"rendered":"<div class=\"media_block\"><img decoding=\"async\" src=\"https:\/\/www.evearly.news\/fr\/wp-content\/uploads\/sites\/6\/2026\/01\/opel-veut-ressusciter-la-manta-mais-il-va-falloir-patienter.jpg\"><\/div>\n<p> <a class=\"continue-reading-link\" href=\"https:\/\/www.evearly.news\/fr\/opel-veut-ressusciter-la-manta-mais-il-va-falloir-patienter\/\"><\/a><\/p>\n","protected":false},"author":7,"featured_media":315671,"comment_status":"closed","ping_status":"open","sticky":false,"template":"Default","format":"standard","meta":{"footnotes":""},"categories":[7],"tags":[],"class_list":["post-315670","post","type-post","status-publish","format-standard","has-post-thumbnail","hentry","category-automobile-magazine"],"_links":{"self":[{"href":"https:\/\/www.evearly.news\/fr\/wp-json\/wp\/v2\/posts\/315670","targetHints":{"allow":["GET"]}}],"collection":[{"href":"https:\/\/www.evearly.news\/fr\/wp-json\/wp\/v2\/posts"}],"about":[{"href":"https:\/\/www.evearly.news\/fr\/wp-json\/wp\/v2\/types\/post"}],"author":[{"embeddable":true,"href":"https:\/\/www.evearly.news\/fr\/wp-json\/wp\/v2\/users\/7"}],"replies":[{"embeddable":true,"href":"https:\/\/www.evearly.news\/fr\/wp-json\/wp\/v2\/comments?post=315670"}],"version-history":[{"count":0,"href":"https:\/\/www.evearly.news\/fr\/wp-json\/wp\/v2\/posts\/315670\/revisions"}],"wp:featuredmedia":[{"embeddable":true,"href":"https:\/\/www.evearly.news\/fr\/wp-json\/wp\/v2\/media\/315671"}],"wp:attachment":[{"href":"https:\/\/www.evearly.news\/fr\/wp-json\/wp\/v2\/media?parent=315670"}],"wp:term":[{"taxonomy":"category","embeddable":true,"href":"https:\/\/www.evearly.news\/fr\/wp-json\/wp\/v2\/categories?post=315670"},{"taxonomy":"post_tag","embeddable":true,"href":"https:\/\/www.evearly.news\/fr\/wp-json\/wp\/v2\/tags?post=315670"}],"curies":[{"name":"wp","href":"https:\/\/api.w.org\/{rel}","templated":true}]}}