{"id":315672,"date":"2026-01-20T21:28:15","date_gmt":"2026-01-20T20:28:15","guid":{"rendered":"https:\/\/www.evearly.news\/fr\/actualite-renault-se-diversifie-avec-des-drones-de-combat-dans-le-cadre-dun-partenariat-jusqua-un-milliard-deuros\/"},"modified":"2026-01-20T21:28:15","modified_gmt":"2026-01-20T20:28:15","slug":"actualite-renault-se-diversifie-avec-des-drones-de-combat-dans-le-cadre-dun-partenariat-jusqua-un-milliard-deuros","status":"publish","type":"post","link":"https:\/\/www.evearly.news\/fr\/actualite-renault-se-diversifie-avec-des-drones-de-combat-dans-le-cadre-dun-partenariat-jusqua-un-milliard-deuros\/","title":{"rendered":"Actualit\u00e9 : Renault se diversifie avec des drones de combat dans le cadre d&rsquo;un partenariat jusqu&rsquo;\u00e0 un milliard d&rsquo;euros"},"content":{"rendered":"<p><img src='https:\/\/www.evearly.news\/fr\/wp-content\/uploads\/sites\/6\/2026\/01\/actualite-renault-se-diversifie-avec-des-drones-de-combat-dans-le-cadre-dun-partenariat-jusqua-un-milliard-deuros.jpg' alt='Les Num\u00e9riques' \/>Des milliers de drones produits en quelques mois. C&rsquo;est l&rsquo;objectif d&rsquo;Emmanuel Chiva, directeur g\u00e9n\u00e9ral pour l&rsquo;armement, dans le cadre d&rsquo;un partenariat industriel entre Renault et Turgis Gaillard. C&rsquo;est \u00e0 l&rsquo;AFP que le constructeur automobile a confirm\u00e9 qu&rsquo;il investit le secteur de la d\u00e9fense. <a href=https:\/\/www.lesnumeriques.com\/voitures-co\/renault-se-diversifie-avec-des-drones-de-combat-dans-le-cadre-d-un-partenariat-jusqu-a-un-milliard-d-euros-n250189.html target='bwindow'>Lire la suite&#8230;<\/a><\/p>\n","protected":false},"excerpt":{"rendered":"<p>Des milliers de drones produits en quelques mois. C&rsquo;est l&rsquo;objectif d&rsquo;Emmanuel Chiva, directeur g\u00e9n\u00e9ral pour l&rsquo;armement, dans le cadre d&rsquo;un partenariat industriel entre Renault et Turgis Gaillard. C&rsquo;est \u00e0 l&rsquo;AFP que&#8230; <a class=\"continue-reading-link\" href=\"https:\/\/www.evearly.news\/fr\/actualite-renault-se-diversifie-avec-des-drones-de-combat-dans-le-cadre-dun-partenariat-jusqua-un-milliard-deuros\/\"><\/a><\/p>\n","protected":false},"author":15,"featured_media":315673,"comment_status":"closed","ping_status":"open","sticky":false,"template":"Default","format":"standard","meta":{"footnotes":""},"categories":[16],"tags":[],"class_list":["post-315672","post","type-post","status-publish","format-standard","has-post-thumbnail","hentry","category-lesnumeriques"],"_links":{"self":[{"href":"https:\/\/www.evearly.news\/fr\/wp-json\/wp\/v2\/posts\/315672","targetHints":{"allow":["GET"]}}],"collection":[{"href":"https:\/\/www.evearly.news\/fr\/wp-json\/wp\/v2\/posts"}],"about":[{"href":"https:\/\/www.evearly.news\/fr\/wp-json\/wp\/v2\/types\/post"}],"author":[{"embeddable":true,"href":"https:\/\/www.evearly.news\/fr\/wp-json\/wp\/v2\/users\/15"}],"replies":[{"embeddable":true,"href":"https:\/\/www.evearly.news\/fr\/wp-json\/wp\/v2\/comments?post=315672"}],"version-history":[{"count":0,"href":"https:\/\/www.evearly.news\/fr\/wp-json\/wp\/v2\/posts\/315672\/revisions"}],"wp:featuredmedia":[{"embeddable":true,"href":"https:\/\/www.evearly.news\/fr\/wp-json\/wp\/v2\/media\/315673"}],"wp:attachment":[{"href":"https:\/\/www.evearly.news\/fr\/wp-json\/wp\/v2\/media?parent=315672"}],"wp:term":[{"taxonomy":"category","embeddable":true,"href":"https:\/\/www.evearly.news\/fr\/wp-json\/wp\/v2\/categories?post=315672"},{"taxonomy":"post_tag","embeddable":true,"href":"https:\/\/www.evearly.news\/fr\/wp-json\/wp\/v2\/tags?post=315672"}],"curies":[{"name":"wp","href":"https:\/\/api.w.org\/{rel}","templated":true}]}}