{"id":315678,"date":"2026-01-21T08:13:32","date_gmt":"2026-01-21T07:13:32","guid":{"rendered":"https:\/\/www.evearly.news\/fr\/tesla-brade-sa-model-y-en-france-voici-le-nouveau-prix\/"},"modified":"2026-01-21T08:13:32","modified_gmt":"2026-01-21T07:13:32","slug":"tesla-brade-sa-model-y-en-france-voici-le-nouveau-prix","status":"publish","type":"post","link":"https:\/\/www.evearly.news\/fr\/tesla-brade-sa-model-y-en-france-voici-le-nouveau-prix\/","title":{"rendered":"Tesla brade sa Model Y en France, voici le nouveau prix"},"content":{"rendered":"<p><img decoding=\"async\" src=\"https:\/\/www.evearly.news\/fr\/wp-content\/uploads\/sites\/6\/2026\/01\/tesla-brade-sa-model-y-en-france-voici-le-nouveau-prix.jpg\"><br \/>Tesla essaie de relancer les ventes de Model Y en France avec un bonus de reprise permettant de faire descendre le prix de sa voiture \u00e9lectrique jusqu&rsquo;\u00e0 31 290 euros. Les ventes de Tesla ont d\u00e9gringol\u00e9 l&rsquo;ann\u00e9e derni\u00e8re en Europe,&#8230; <a href=https:\/\/www.phonandroid.com\/tesla-brade-sa-model-y-en-france-voici-le-nouveau-prix.html target=blank>Lire la suite&#8230;<\/a><\/p>\n","protected":false},"excerpt":{"rendered":"<p>Tesla essaie de relancer les ventes de Model Y en France avec un bonus de reprise permettant de faire descendre le prix de sa voiture \u00e9lectrique jusqu&rsquo;\u00e0 31 290 euros. Les ventes de Tesla ont d\u00e9gringol\u00e9 l&rsquo;ann\u00e9e derni\u00e8re en Europe,&#8230;&#8230; <a class=\"continue-reading-link\" href=\"https:\/\/www.evearly.news\/fr\/tesla-brade-sa-model-y-en-france-voici-le-nouveau-prix\/\"><\/a><\/p>\n","protected":false},"author":17,"featured_media":315679,"comment_status":"closed","ping_status":"open","sticky":false,"template":"Default","format":"standard","meta":{"footnotes":""},"categories":[18],"tags":[],"class_list":["post-315678","post","type-post","status-publish","format-standard","has-post-thumbnail","hentry","category-phonandroid"],"_links":{"self":[{"href":"https:\/\/www.evearly.news\/fr\/wp-json\/wp\/v2\/posts\/315678","targetHints":{"allow":["GET"]}}],"collection":[{"href":"https:\/\/www.evearly.news\/fr\/wp-json\/wp\/v2\/posts"}],"about":[{"href":"https:\/\/www.evearly.news\/fr\/wp-json\/wp\/v2\/types\/post"}],"author":[{"embeddable":true,"href":"https:\/\/www.evearly.news\/fr\/wp-json\/wp\/v2\/users\/17"}],"replies":[{"embeddable":true,"href":"https:\/\/www.evearly.news\/fr\/wp-json\/wp\/v2\/comments?post=315678"}],"version-history":[{"count":0,"href":"https:\/\/www.evearly.news\/fr\/wp-json\/wp\/v2\/posts\/315678\/revisions"}],"wp:featuredmedia":[{"embeddable":true,"href":"https:\/\/www.evearly.news\/fr\/wp-json\/wp\/v2\/media\/315679"}],"wp:attachment":[{"href":"https:\/\/www.evearly.news\/fr\/wp-json\/wp\/v2\/media?parent=315678"}],"wp:term":[{"taxonomy":"category","embeddable":true,"href":"https:\/\/www.evearly.news\/fr\/wp-json\/wp\/v2\/categories?post=315678"},{"taxonomy":"post_tag","embeddable":true,"href":"https:\/\/www.evearly.news\/fr\/wp-json\/wp\/v2\/tags?post=315678"}],"curies":[{"name":"wp","href":"https:\/\/api.w.org\/{rel}","templated":true}]}}