{"id":315684,"date":"2026-01-21T10:23:39","date_gmt":"2026-01-21T09:23:39","guid":{"rendered":"https:\/\/www.evearly.news\/fr\/comment-la-france-plombe-ses-propres-ventes-de-voitures-electriques-sans-meme-le-vouloir\/"},"modified":"2026-01-21T10:23:39","modified_gmt":"2026-01-21T09:23:39","slug":"comment-la-france-plombe-ses-propres-ventes-de-voitures-electriques-sans-meme-le-vouloir","status":"publish","type":"post","link":"https:\/\/www.evearly.news\/fr\/comment-la-france-plombe-ses-propres-ventes-de-voitures-electriques-sans-meme-le-vouloir\/","title":{"rendered":"Comment la France plombe ses propres ventes de voitures \u00e9lectriques sans m\u00eame le vouloir !"},"content":{"rendered":"<div class=\"media_block\"><img decoding=\"async\" src=\"https:\/\/www.evearly.news\/fr\/wp-content\/uploads\/sites\/6\/2026\/01\/comment-la-france-plombe-ses-propres-ventes-de-voitures-electriques-sans-meme-le-vouloir.png\"><\/div>\n<p>Le syst\u00e8me mis au point par l\u2019Ademe pour octroyer bonus \u00e9cologique et autres avantages aux voitures \u00e9lectriques en France fait grincer les dents de plusieurs constructeurs \u00e9trangers. Diff\u00e9rents biais dans ce calcul font d&rsquo;ailleurs l\u2019objet de critiques de la part de la CSIAM, le syndicat qui les repr\u00e9sente. Voici pourquoi. <a href=https:\/\/www.automobile-magazine.fr\/voitures-electriques\/article\/50764-comment-la-france-plombe-ses-propres-ventes-de-voitures-electriques-sans-meme-le-vouloir target='bwindow'>Lire la suite&#8230;<\/a><\/p>\n","protected":false},"excerpt":{"rendered":"<div class=\"media_block\"><img decoding=\"async\" src=\"https:\/\/www.evearly.news\/fr\/wp-content\/uploads\/sites\/6\/2026\/01\/comment-la-france-plombe-ses-propres-ventes-de-voitures-electriques-sans-meme-le-vouloir.png\"><\/div>\n<p> <a class=\"continue-reading-link\" href=\"https:\/\/www.evearly.news\/fr\/comment-la-france-plombe-ses-propres-ventes-de-voitures-electriques-sans-meme-le-vouloir\/\"><\/a><\/p>\n","protected":false},"author":7,"featured_media":315685,"comment_status":"closed","ping_status":"open","sticky":false,"template":"Default","format":"standard","meta":{"footnotes":""},"categories":[7],"tags":[],"class_list":["post-315684","post","type-post","status-publish","format-standard","has-post-thumbnail","hentry","category-automobile-magazine"],"_links":{"self":[{"href":"https:\/\/www.evearly.news\/fr\/wp-json\/wp\/v2\/posts\/315684","targetHints":{"allow":["GET"]}}],"collection":[{"href":"https:\/\/www.evearly.news\/fr\/wp-json\/wp\/v2\/posts"}],"about":[{"href":"https:\/\/www.evearly.news\/fr\/wp-json\/wp\/v2\/types\/post"}],"author":[{"embeddable":true,"href":"https:\/\/www.evearly.news\/fr\/wp-json\/wp\/v2\/users\/7"}],"replies":[{"embeddable":true,"href":"https:\/\/www.evearly.news\/fr\/wp-json\/wp\/v2\/comments?post=315684"}],"version-history":[{"count":0,"href":"https:\/\/www.evearly.news\/fr\/wp-json\/wp\/v2\/posts\/315684\/revisions"}],"wp:featuredmedia":[{"embeddable":true,"href":"https:\/\/www.evearly.news\/fr\/wp-json\/wp\/v2\/media\/315685"}],"wp:attachment":[{"href":"https:\/\/www.evearly.news\/fr\/wp-json\/wp\/v2\/media?parent=315684"}],"wp:term":[{"taxonomy":"category","embeddable":true,"href":"https:\/\/www.evearly.news\/fr\/wp-json\/wp\/v2\/categories?post=315684"},{"taxonomy":"post_tag","embeddable":true,"href":"https:\/\/www.evearly.news\/fr\/wp-json\/wp\/v2\/tags?post=315684"}],"curies":[{"name":"wp","href":"https:\/\/api.w.org\/{rel}","templated":true}]}}