{"id":315692,"date":"2026-01-21T11:29:42","date_gmt":"2026-01-21T10:29:42","guid":{"rendered":"https:\/\/www.evearly.news\/fr\/le-rythme-de-production-initial-sera-atrocement-lent-laveu-delon-musk-sur-la-nouvelle-tesla\/"},"modified":"2026-01-21T11:29:42","modified_gmt":"2026-01-21T10:29:42","slug":"le-rythme-de-production-initial-sera-atrocement-lent-laveu-delon-musk-sur-la-nouvelle-tesla","status":"publish","type":"post","link":"https:\/\/www.evearly.news\/fr\/le-rythme-de-production-initial-sera-atrocement-lent-laveu-delon-musk-sur-la-nouvelle-tesla\/","title":{"rendered":"\u00ab Le rythme de production initial sera atrocement lent \u00bb : l\u2019aveu d\u2019Elon Musk sur la nouvelle Tesla"},"content":{"rendered":"<p><img loading=\"lazy\" width=\"1200\" height=\"675\" src=\"https:\/\/www.evearly.news\/fr\/wp-content\/uploads\/sites\/6\/2026\/01\/le-rythme-de-production-initial-sera-atrocement-lent-laveu-delon-musk-sur-la-nouvelle-tesla.jpg\" class=\"attachment-full size-full wp-post-image\" alt=\"\" decoding=\"async\" \/<br \/>\nD\u00e9voil\u00e9 en 2024, le Tesla Cybercab nous donne de ses nouvelles. D&rsquo;apr\u00e8s Elon Musk, la voiture \u00e9lectrique autonome du constructeur devrait mettre un peu de temps \u00e0 acc\u00e9l\u00e9rer sa cadence de production. Et voici la raison.<br \/>\n <a href=https:\/\/www.frandroid.com\/marques\/tesla\/2949809_le-rythme-de-production-initial-sera-atrocement-lent-laveu-delon-musk-sur-la-nouvelle-tesla target='blank'>Lire la suite&#8230;<\/a><\/p>\n","protected":false},"excerpt":{"rendered":"<p>&lt;img width=&quot;1200&quot; height=&quot;675&quot; src=&quot;https:\/\/www.evearly.news\/fr\/wp-content\/uploads\/sites\/6\/2026\/01\/le-rythme-de-production-initial-sera-atrocement-lent-laveu-delon-musk-sur-la-nouvelle-tesla.jpg&quot; class=&quot;attachment-full size-full wp-post-image&quot; alt=&quot;&quot; decoding=&quot;async&quot; \/<br \/>\nD\u00e9voil\u00e9 en 2024, le Tesla Cybercab nous donne de ses nouvelles. D&rsquo;apr\u00e8s Elon Musk, la voiture \u00e9lectrique autonome du constructeur devrait mettre un peu de temps \u00e0 acc\u00e9l\u00e9rer sa cadence de production. Et voici la raison.\n<\/p>\n<p> <a class=\"continue-reading-link\" href=\"https:\/\/www.evearly.news\/fr\/le-rythme-de-production-initial-sera-atrocement-lent-laveu-delon-musk-sur-la-nouvelle-tesla\/\"><\/a><\/p>\n","protected":false},"author":6,"featured_media":315693,"comment_status":"closed","ping_status":"open","sticky":false,"template":"Default","format":"standard","meta":{"footnotes":""},"categories":[14],"tags":[],"class_list":["post-315692","post","type-post","status-publish","format-standard","has-post-thumbnail","hentry","category-frandroid"],"_links":{"self":[{"href":"https:\/\/www.evearly.news\/fr\/wp-json\/wp\/v2\/posts\/315692","targetHints":{"allow":["GET"]}}],"collection":[{"href":"https:\/\/www.evearly.news\/fr\/wp-json\/wp\/v2\/posts"}],"about":[{"href":"https:\/\/www.evearly.news\/fr\/wp-json\/wp\/v2\/types\/post"}],"author":[{"embeddable":true,"href":"https:\/\/www.evearly.news\/fr\/wp-json\/wp\/v2\/users\/6"}],"replies":[{"embeddable":true,"href":"https:\/\/www.evearly.news\/fr\/wp-json\/wp\/v2\/comments?post=315692"}],"version-history":[{"count":0,"href":"https:\/\/www.evearly.news\/fr\/wp-json\/wp\/v2\/posts\/315692\/revisions"}],"wp:featuredmedia":[{"embeddable":true,"href":"https:\/\/www.evearly.news\/fr\/wp-json\/wp\/v2\/media\/315693"}],"wp:attachment":[{"href":"https:\/\/www.evearly.news\/fr\/wp-json\/wp\/v2\/media?parent=315692"}],"wp:term":[{"taxonomy":"category","embeddable":true,"href":"https:\/\/www.evearly.news\/fr\/wp-json\/wp\/v2\/categories?post=315692"},{"taxonomy":"post_tag","embeddable":true,"href":"https:\/\/www.evearly.news\/fr\/wp-json\/wp\/v2\/tags?post=315692"}],"curies":[{"name":"wp","href":"https:\/\/api.w.org\/{rel}","templated":true}]}}