{"id":315694,"date":"2026-01-21T11:55:38","date_gmt":"2026-01-21T10:55:38","guid":{"rendered":"https:\/\/www.evearly.news\/fr\/environnement-les-parlementaires-francais-saccordent-sur-la-suppression-des-zfe-mais\/"},"modified":"2026-01-21T11:55:38","modified_gmt":"2026-01-21T10:55:38","slug":"environnement-les-parlementaires-francais-saccordent-sur-la-suppression-des-zfe-mais","status":"publish","type":"post","link":"https:\/\/www.evearly.news\/fr\/environnement-les-parlementaires-francais-saccordent-sur-la-suppression-des-zfe-mais\/","title":{"rendered":"Environnement : les parlementaires fran\u00e7ais s\u2019accordent sur la suppression des ZFE, mais\u2026"},"content":{"rendered":"<p><img decoding=\"async\" width=\"500\" height=\"333\" src=\"https:\/\/www.evearly.news\/fr\/wp-content\/uploads\/sites\/6\/2026\/01\/environnement-les-parlementaires-francais-saccordent-sur-la-suppression-des-zfe-mais.jpg\" class=\"attachment-1200x800 size-1200x800 wp-post-image\" alt=\"\" loading=\"lazy\" srcset=\"https:\/\/www.evearly.news\/fr\/wp-content\/uploads\/sites\/6\/2026\/01\/environnement-les-parlementaires-francais-saccordent-sur-la-suppression-des-zfe-mais.jpg 1920w, https:\/\/www.evearly.news\/fr\/wp-content\/uploads\/sites\/6\/2026\/01\/environnement-les-parlementaires-francais-saccordent-sur-la-suppression-des-zfe-mais-1.jpg 1640w, https:\/\/www.evearly.news\/fr\/wp-content\/uploads\/sites\/6\/2026\/01\/environnement-les-parlementaires-francais-saccordent-sur-la-suppression-des-zfe-mais-2.jpg 1024w, https:\/\/www.evearly.news\/fr\/wp-content\/uploads\/sites\/6\/2026\/01\/environnement-les-parlementaires-francais-saccordent-sur-la-suppression-des-zfe-mais-3.jpg 768w, https:\/\/www.evearly.news\/fr\/wp-content\/uploads\/sites\/6\/2026\/01\/environnement-les-parlementaires-francais-saccordent-sur-la-suppression-des-zfe-mais-4.jpg 1536w, https:\/\/www.evearly.news\/fr\/wp-content\/uploads\/sites\/6\/2026\/01\/environnement-les-parlementaires-francais-saccordent-sur-la-suppression-des-zfe-mais-5.jpg 700w, https:\/\/www.evearly.news\/fr\/wp-content\/uploads\/sites\/6\/2026\/01\/environnement-les-parlementaires-francais-saccordent-sur-la-suppression-des-zfe-mais-6.jpg 960w, https:\/\/cdn.automobile-propre.com\/uploads\/2026\/01\/zfe-2025-nouvelles-regles-1-100x66.jpg 100w\" sizes=\"auto, (max-width: 1200px) 100vw, 1200px\" \/><br \/>\nC&rsquo;est presque la fin officielle des ZFE, mais pas encore tout \u00e0 fait ! Des d\u00e9put\u00e9s et s\u00e9nateurs se sont\u2026\u00a0<a href=https:\/\/www.automobile-propre.com\/articles\/environnement-les-parlementaires-francais-saccordent-sur-la-suppression-des-zfe-mais\/ target='bwindow'>Lire la suite&#8230;<\/a><\/p>\n","protected":false},"excerpt":{"rendered":"<p>&#8230; <a class=\"continue-reading-link\" href=\"https:\/\/www.evearly.news\/fr\/environnement-les-parlementaires-francais-saccordent-sur-la-suppression-des-zfe-mais\/\"><\/a><\/p>\n","protected":false},"author":8,"featured_media":315695,"comment_status":"closed","ping_status":"open","sticky":false,"template":"Default","format":"standard","meta":{"footnotes":""},"categories":[8],"tags":[],"class_list":["post-315694","post","type-post","status-publish","format-standard","has-post-thumbnail","hentry","category-automobile-propre"],"_links":{"self":[{"href":"https:\/\/www.evearly.news\/fr\/wp-json\/wp\/v2\/posts\/315694","targetHints":{"allow":["GET"]}}],"collection":[{"href":"https:\/\/www.evearly.news\/fr\/wp-json\/wp\/v2\/posts"}],"about":[{"href":"https:\/\/www.evearly.news\/fr\/wp-json\/wp\/v2\/types\/post"}],"author":[{"embeddable":true,"href":"https:\/\/www.evearly.news\/fr\/wp-json\/wp\/v2\/users\/8"}],"replies":[{"embeddable":true,"href":"https:\/\/www.evearly.news\/fr\/wp-json\/wp\/v2\/comments?post=315694"}],"version-history":[{"count":0,"href":"https:\/\/www.evearly.news\/fr\/wp-json\/wp\/v2\/posts\/315694\/revisions"}],"wp:featuredmedia":[{"embeddable":true,"href":"https:\/\/www.evearly.news\/fr\/wp-json\/wp\/v2\/media\/315695"}],"wp:attachment":[{"href":"https:\/\/www.evearly.news\/fr\/wp-json\/wp\/v2\/media?parent=315694"}],"wp:term":[{"taxonomy":"category","embeddable":true,"href":"https:\/\/www.evearly.news\/fr\/wp-json\/wp\/v2\/categories?post=315694"},{"taxonomy":"post_tag","embeddable":true,"href":"https:\/\/www.evearly.news\/fr\/wp-json\/wp\/v2\/tags?post=315694"}],"curies":[{"name":"wp","href":"https:\/\/api.w.org\/{rel}","templated":true}]}}