{"id":315696,"date":"2026-01-21T13:00:33","date_gmt":"2026-01-21T12:00:33","guid":{"rendered":"https:\/\/www.evearly.news\/fr\/tesla-brade-le-model-y-en-france-a-partir-de-31-290-e-grace-aux-aides\/"},"modified":"2026-01-21T13:00:33","modified_gmt":"2026-01-21T12:00:33","slug":"tesla-brade-le-model-y-en-france-a-partir-de-31-290-e-grace-aux-aides","status":"publish","type":"post","link":"https:\/\/www.evearly.news\/fr\/tesla-brade-le-model-y-en-france-a-partir-de-31-290-e-grace-aux-aides\/","title":{"rendered":"Tesla brade le Model Y en France : \u00e0 partir de 31 290 \u20ac gr\u00e2ce aux aides"},"content":{"rendered":"<div class=\"media_block\"><img decoding=\"async\" src=\"https:\/\/www.evearly.news\/fr\/wp-content\/uploads\/sites\/6\/2026\/01\/tesla-brade-le-model-y-en-france-a-partir-de-31-290-e-grace-aux-aides.jpg\"><\/div>\n<p>Apr\u00e8s une ann\u00e9e noire en France, Tesla revoit sa strat\u00e9gie commerciale pour tenter d\u2019enrayer la chute. D\u00e9but 2026, le constructeur am\u00e9ricain multiplie les leviers : baisse du prix catalogue, bonus de reprise in\u00e9dit et aides publiques revaloris\u00e9es. R\u00e9sultat, le Model Y atteint des niveaux de prix jamais vus pour un SUV \u00e9lectrique de ce gabarit. Mais derri\u00e8re ces montants tr\u00e8s accrocheurs, les conditions restent strictes. <a href=https:\/\/www.automobile-magazine.fr\/voitures-electriques\/article\/50769-tesla-brade-le-model-y-en-france-a-partir-de-31-290-eur-grace-aux-aides target='bwindow'>Lire la suite&#8230;<\/a><\/p>\n","protected":false},"excerpt":{"rendered":"<div class=\"media_block\"><img decoding=\"async\" src=\"https:\/\/www.evearly.news\/fr\/wp-content\/uploads\/sites\/6\/2026\/01\/tesla-brade-le-model-y-en-france-a-partir-de-31-290-e-grace-aux-aides.jpg\"><\/div>\n<p> <a class=\"continue-reading-link\" href=\"https:\/\/www.evearly.news\/fr\/tesla-brade-le-model-y-en-france-a-partir-de-31-290-e-grace-aux-aides\/\"><\/a><\/p>\n","protected":false},"author":7,"featured_media":315697,"comment_status":"closed","ping_status":"open","sticky":false,"template":"Default","format":"standard","meta":{"footnotes":""},"categories":[7],"tags":[],"class_list":["post-315696","post","type-post","status-publish","format-standard","has-post-thumbnail","hentry","category-automobile-magazine"],"_links":{"self":[{"href":"https:\/\/www.evearly.news\/fr\/wp-json\/wp\/v2\/posts\/315696","targetHints":{"allow":["GET"]}}],"collection":[{"href":"https:\/\/www.evearly.news\/fr\/wp-json\/wp\/v2\/posts"}],"about":[{"href":"https:\/\/www.evearly.news\/fr\/wp-json\/wp\/v2\/types\/post"}],"author":[{"embeddable":true,"href":"https:\/\/www.evearly.news\/fr\/wp-json\/wp\/v2\/users\/7"}],"replies":[{"embeddable":true,"href":"https:\/\/www.evearly.news\/fr\/wp-json\/wp\/v2\/comments?post=315696"}],"version-history":[{"count":0,"href":"https:\/\/www.evearly.news\/fr\/wp-json\/wp\/v2\/posts\/315696\/revisions"}],"wp:featuredmedia":[{"embeddable":true,"href":"https:\/\/www.evearly.news\/fr\/wp-json\/wp\/v2\/media\/315697"}],"wp:attachment":[{"href":"https:\/\/www.evearly.news\/fr\/wp-json\/wp\/v2\/media?parent=315696"}],"wp:term":[{"taxonomy":"category","embeddable":true,"href":"https:\/\/www.evearly.news\/fr\/wp-json\/wp\/v2\/categories?post=315696"},{"taxonomy":"post_tag","embeddable":true,"href":"https:\/\/www.evearly.news\/fr\/wp-json\/wp\/v2\/tags?post=315696"}],"curies":[{"name":"wp","href":"https:\/\/api.w.org\/{rel}","templated":true}]}}