{"id":315698,"date":"2026-01-21T13:08:03","date_gmt":"2026-01-21T12:08:03","guid":{"rendered":"https:\/\/www.evearly.news\/fr\/renault-clio-6-ce-que-lon-sait-deja-sur-la-nouvelle-generation\/"},"modified":"2026-01-21T22:48:09","modified_gmt":"2026-01-21T21:48:09","slug":"renault-clio-6-ce-que-lon-sait-deja-sur-la-nouvelle-generation","status":"publish","type":"post","link":"https:\/\/www.evearly.news\/fr\/renault-clio-6-ce-que-lon-sait-deja-sur-la-nouvelle-generation\/","title":{"rendered":"Renault Clio 6 : ce que l\u2019on sait d\u00e9j\u00e0 sur la nouvelle g\u00e9n\u00e9ration"},"content":{"rendered":"<p><img decoding=\"async\" src=\"https:\/\/electriquemag.fr\/wp-content\/uploads\/2026\/01\/Renault-Clio-full-hybrid-E-Tech-Esprit-Alpine-Rouge-Absolu-scaled.jpg\" \/><br \/>\nLa Renault Clio 6 arrive au bon moment : celui o\u00f9 la voiture \u00e9lectrique progresse vite\u2026 mais pas de fa\u00e7on homog\u00e8ne. Entre ceux qui ont une prise \u00e0 la maison, ceux qui vivent en ville sans solution simple de recharge, et ceux qui veulent juste \u201cune voiture qui marche\u201d sans se poser de questions, le march\u00e9 fran\u00e7ais se d\u00e9coupe. Et\u2026 <a href=\"https:\/\/electriquemag.fr\/renault-clio-6-lhybride-comme-plan-a-pendant-que-lelectrique-se-structure\/\" target=\"bwindow\">Lire la suite&#8230;<\/a><\/p>\n","protected":false},"excerpt":{"rendered":"<p>&#8230; <a class=\"continue-reading-link\" href=\"https:\/\/www.evearly.news\/fr\/renault-clio-6-ce-que-lon-sait-deja-sur-la-nouvelle-generation\/\"><\/a><\/p>\n","protected":false},"author":13,"featured_media":0,"comment_status":"closed","ping_status":"open","sticky":false,"template":"Default","format":"standard","meta":{"footnotes":""},"categories":[13],"tags":[],"class_list":["post-315698","post","type-post","status-publish","format-standard","hentry","category-electriquemag"],"_links":{"self":[{"href":"https:\/\/www.evearly.news\/fr\/wp-json\/wp\/v2\/posts\/315698","targetHints":{"allow":["GET"]}}],"collection":[{"href":"https:\/\/www.evearly.news\/fr\/wp-json\/wp\/v2\/posts"}],"about":[{"href":"https:\/\/www.evearly.news\/fr\/wp-json\/wp\/v2\/types\/post"}],"author":[{"embeddable":true,"href":"https:\/\/www.evearly.news\/fr\/wp-json\/wp\/v2\/users\/13"}],"replies":[{"embeddable":true,"href":"https:\/\/www.evearly.news\/fr\/wp-json\/wp\/v2\/comments?post=315698"}],"version-history":[{"count":1,"href":"https:\/\/www.evearly.news\/fr\/wp-json\/wp\/v2\/posts\/315698\/revisions"}],"predecessor-version":[{"id":315752,"href":"https:\/\/www.evearly.news\/fr\/wp-json\/wp\/v2\/posts\/315698\/revisions\/315752"}],"wp:attachment":[{"href":"https:\/\/www.evearly.news\/fr\/wp-json\/wp\/v2\/media?parent=315698"}],"wp:term":[{"taxonomy":"category","embeddable":true,"href":"https:\/\/www.evearly.news\/fr\/wp-json\/wp\/v2\/categories?post=315698"},{"taxonomy":"post_tag","embeddable":true,"href":"https:\/\/www.evearly.news\/fr\/wp-json\/wp\/v2\/tags?post=315698"}],"curies":[{"name":"wp","href":"https:\/\/api.w.org\/{rel}","templated":true}]}}