{"id":315699,"date":"2026-01-21T13:11:59","date_gmt":"2026-01-21T12:11:59","guid":{"rendered":"https:\/\/www.evearly.news\/fr\/le-roi-de-la-voiture-qui-se-recharge-nest-plus-tesla-en-europe\/"},"modified":"2026-01-21T13:11:59","modified_gmt":"2026-01-21T12:11:59","slug":"le-roi-de-la-voiture-qui-se-recharge-nest-plus-tesla-en-europe","status":"publish","type":"post","link":"https:\/\/www.evearly.news\/fr\/le-roi-de-la-voiture-qui-se-recharge-nest-plus-tesla-en-europe\/","title":{"rendered":"Le roi de la voiture qui se recharge n&rsquo;est plus Tesla en Europe"},"content":{"rendered":"<div class=\"media_block\"><img decoding=\"async\" src=\"https:\/\/www.evearly.news\/fr\/wp-content\/uploads\/sites\/6\/2026\/01\/le-roi-de-la-voiture-qui-se-recharge-nest-plus-tesla-en-europe.jpg\"><\/div>\n<p>En Europe, Tesla n&rsquo;est plus la premi\u00e8re marque de voitures \u00e9lectriques. Elle se fait d\u00e9sormais devancer par un allemand qui avait pourtant mal commenc\u00e9. Et ce dernier fait coup double en devenant \u00e9galement la premi\u00e8re marque europ\u00e9enne de voitures hybrides rechargeables. Tout bon pour les \u00e9missions CO2 des flottes, m\u00eame s&rsquo;il manque encore une motorisation hybride. Celle-ci arrivera justement d&rsquo;ici la fin d&rsquo;ann\u00e9e. <a href=https:\/\/www.automobile-magazine.fr\/voitures-electriques\/article\/50765-le-roi-de-la-voiture-qui-se-recharge-nest-plus-tesla-en-europe target='bwindow'>Lire la suite&#8230;<\/a><\/p>\n","protected":false},"excerpt":{"rendered":"<div class=\"media_block\"><img decoding=\"async\" src=\"https:\/\/www.evearly.news\/fr\/wp-content\/uploads\/sites\/6\/2026\/01\/le-roi-de-la-voiture-qui-se-recharge-nest-plus-tesla-en-europe.jpg\"><\/div>\n<p> <a class=\"continue-reading-link\" href=\"https:\/\/www.evearly.news\/fr\/le-roi-de-la-voiture-qui-se-recharge-nest-plus-tesla-en-europe\/\"><\/a><\/p>\n","protected":false},"author":7,"featured_media":315700,"comment_status":"closed","ping_status":"open","sticky":false,"template":"Default","format":"standard","meta":{"footnotes":""},"categories":[7],"tags":[],"class_list":["post-315699","post","type-post","status-publish","format-standard","has-post-thumbnail","hentry","category-automobile-magazine"],"_links":{"self":[{"href":"https:\/\/www.evearly.news\/fr\/wp-json\/wp\/v2\/posts\/315699","targetHints":{"allow":["GET"]}}],"collection":[{"href":"https:\/\/www.evearly.news\/fr\/wp-json\/wp\/v2\/posts"}],"about":[{"href":"https:\/\/www.evearly.news\/fr\/wp-json\/wp\/v2\/types\/post"}],"author":[{"embeddable":true,"href":"https:\/\/www.evearly.news\/fr\/wp-json\/wp\/v2\/users\/7"}],"replies":[{"embeddable":true,"href":"https:\/\/www.evearly.news\/fr\/wp-json\/wp\/v2\/comments?post=315699"}],"version-history":[{"count":0,"href":"https:\/\/www.evearly.news\/fr\/wp-json\/wp\/v2\/posts\/315699\/revisions"}],"wp:featuredmedia":[{"embeddable":true,"href":"https:\/\/www.evearly.news\/fr\/wp-json\/wp\/v2\/media\/315700"}],"wp:attachment":[{"href":"https:\/\/www.evearly.news\/fr\/wp-json\/wp\/v2\/media?parent=315699"}],"wp:term":[{"taxonomy":"category","embeddable":true,"href":"https:\/\/www.evearly.news\/fr\/wp-json\/wp\/v2\/categories?post=315699"},{"taxonomy":"post_tag","embeddable":true,"href":"https:\/\/www.evearly.news\/fr\/wp-json\/wp\/v2\/tags?post=315699"}],"curies":[{"name":"wp","href":"https:\/\/api.w.org\/{rel}","templated":true}]}}