{"id":315705,"date":"2026-01-21T14:50:06","date_gmt":"2026-01-21T13:50:06","guid":{"rendered":"https:\/\/www.evearly.news\/fr\/nouvelle-renault-megane-rs-le-moment-ideal-pour-relancer-le-mythe\/"},"modified":"2026-01-21T14:50:06","modified_gmt":"2026-01-21T13:50:06","slug":"nouvelle-renault-megane-rs-le-moment-ideal-pour-relancer-le-mythe","status":"publish","type":"post","link":"https:\/\/www.evearly.news\/fr\/nouvelle-renault-megane-rs-le-moment-ideal-pour-relancer-le-mythe\/","title":{"rendered":"Nouvelle Renault M\u00e9gane RS : le moment id\u00e9al pour relancer le mythe\u202f?"},"content":{"rendered":"<p><img decoding=\"async\" src=\"https:\/\/www.evearly.news\/fr\/wp-content\/uploads\/sites\/6\/2026\/01\/nouvelle-renault-megane-rs-le-moment-ideal-pour-relancer-le-mythe.webp\" alt=\"auto-moto\"><br \/>Voil\u00e0 d\u00e9j\u00e0 deux ans que la Renault M\u00e9gane RS n\u2019est plus produite. Mais les plan\u00e8tes pourraient prochainement s\u2019aligner afin de relancer la plus turbulente des compactes fran\u00e7aises. <a href=https:\/\/www.auto-moto.com\/sportive\/nouvelle-renault-megane-rs-le-moment-ideal-pour-relancer-le-mythe-68507 target=blank>Lire la suite&#8230;<\/a><\/p>\n","protected":false},"excerpt":{"rendered":"<p>Voil\u00e0 d\u00e9j\u00e0 deux ans que la Renault M\u00e9gane RS n\u2019est plus produite. Mais les plan\u00e8tes pourraient prochainement s\u2019aligner afin de relancer la plus turbulente des compactes fran\u00e7aises&#8230;. <a class=\"continue-reading-link\" href=\"https:\/\/www.evearly.news\/fr\/nouvelle-renault-megane-rs-le-moment-ideal-pour-relancer-le-mythe\/\"><\/a><\/p>\n","protected":false},"author":9,"featured_media":315706,"comment_status":"closed","ping_status":"open","sticky":false,"template":"Default","format":"standard","meta":{"footnotes":""},"categories":[10],"tags":[],"class_list":["post-315705","post","type-post","status-publish","format-standard","has-post-thumbnail","hentry","category-auto-moto-com"],"_links":{"self":[{"href":"https:\/\/www.evearly.news\/fr\/wp-json\/wp\/v2\/posts\/315705","targetHints":{"allow":["GET"]}}],"collection":[{"href":"https:\/\/www.evearly.news\/fr\/wp-json\/wp\/v2\/posts"}],"about":[{"href":"https:\/\/www.evearly.news\/fr\/wp-json\/wp\/v2\/types\/post"}],"author":[{"embeddable":true,"href":"https:\/\/www.evearly.news\/fr\/wp-json\/wp\/v2\/users\/9"}],"replies":[{"embeddable":true,"href":"https:\/\/www.evearly.news\/fr\/wp-json\/wp\/v2\/comments?post=315705"}],"version-history":[{"count":0,"href":"https:\/\/www.evearly.news\/fr\/wp-json\/wp\/v2\/posts\/315705\/revisions"}],"wp:featuredmedia":[{"embeddable":true,"href":"https:\/\/www.evearly.news\/fr\/wp-json\/wp\/v2\/media\/315706"}],"wp:attachment":[{"href":"https:\/\/www.evearly.news\/fr\/wp-json\/wp\/v2\/media?parent=315705"}],"wp:term":[{"taxonomy":"category","embeddable":true,"href":"https:\/\/www.evearly.news\/fr\/wp-json\/wp\/v2\/categories?post=315705"},{"taxonomy":"post_tag","embeddable":true,"href":"https:\/\/www.evearly.news\/fr\/wp-json\/wp\/v2\/tags?post=315705"}],"curies":[{"name":"wp","href":"https:\/\/api.w.org\/{rel}","templated":true}]}}