{"id":315707,"date":"2026-01-21T14:52:24","date_gmt":"2026-01-21T13:52:24","guid":{"rendered":"https:\/\/www.evearly.news\/fr\/ventes-de-voitures-electriques-carton-plein-pour-skoda-en-2025\/"},"modified":"2026-01-21T14:52:24","modified_gmt":"2026-01-21T13:52:24","slug":"ventes-de-voitures-electriques-carton-plein-pour-skoda-en-2025","status":"publish","type":"post","link":"https:\/\/www.evearly.news\/fr\/ventes-de-voitures-electriques-carton-plein-pour-skoda-en-2025\/","title":{"rendered":"Ventes de voitures \u00e9lectriques : carton plein pour Skoda en 2025"},"content":{"rendered":"<p><img decoding=\"async\" width=\"500\" height=\"333\" src=\"https:\/\/www.evearly.news\/fr\/wp-content\/uploads\/sites\/6\/2026\/01\/ventes-de-voitures-electriques-carton-plein-pour-skoda-en-2025.jpg\" class=\"attachment-1200x800 size-1200x800 wp-post-image\" alt=\"\" loading=\"lazy\" srcset=\"https:\/\/www.evearly.news\/fr\/wp-content\/uploads\/sites\/6\/2026\/01\/ventes-de-voitures-electriques-carton-plein-pour-skoda-en-2025.jpg 1200w, https:\/\/www.evearly.news\/fr\/wp-content\/uploads\/sites\/6\/2026\/01\/ventes-de-voitures-electriques-carton-plein-pour-skoda-en-2025-1.jpg 1024w, https:\/\/www.evearly.news\/fr\/wp-content\/uploads\/sites\/6\/2026\/01\/ventes-de-voitures-electriques-carton-plein-pour-skoda-en-2025-2.jpg 140w, https:\/\/www.evearly.news\/fr\/wp-content\/uploads\/sites\/6\/2026\/01\/ventes-de-voitures-electriques-carton-plein-pour-skoda-en-2025-3.jpg 768w, https:\/\/www.evearly.news\/fr\/wp-content\/uploads\/sites\/6\/2026\/01\/ventes-de-voitures-electriques-carton-plein-pour-skoda-en-2025-4.jpg 620w, https:\/\/www.evearly.news\/fr\/wp-content\/uploads\/sites\/6\/2026\/01\/ventes-de-voitures-electriques-carton-plein-pour-skoda-en-2025-5.jpg 100w, https:\/\/www.evearly.news\/fr\/wp-content\/uploads\/sites\/6\/2026\/01\/ventes-de-voitures-electriques-carton-plein-pour-skoda-en-2025-6.jpg 190w, https:\/\/cdn.automobile-propre.com\/uploads\/2024\/12\/Essai-Skoda-Elroq-85-23-600x400.jpg 600w\" sizes=\"auto, (max-width: 1200px) 100vw, 1200px\" \/><br \/>\nApr\u00e8s une tr\u00e8s belle ann\u00e9e 2025, Skoda est d\u00e9sormais la troisi\u00e8me marque la plus distribu\u00e9e en Europe. Et l&rsquo;\u00e9lectrique n&rsquo;y\u2026\u00a0<a href=https:\/\/www.automobile-propre.com\/articles\/ventes-de-voitures-electriques-carton-plein-pour-skoda-en-2025\/ target='bwindow'>Lire la suite&#8230;<\/a><\/p>\n","protected":false},"excerpt":{"rendered":"<p>&#8230; <a class=\"continue-reading-link\" href=\"https:\/\/www.evearly.news\/fr\/ventes-de-voitures-electriques-carton-plein-pour-skoda-en-2025\/\"><\/a><\/p>\n","protected":false},"author":8,"featured_media":315708,"comment_status":"closed","ping_status":"open","sticky":false,"template":"Default","format":"standard","meta":{"footnotes":""},"categories":[8],"tags":[],"class_list":["post-315707","post","type-post","status-publish","format-standard","has-post-thumbnail","hentry","category-automobile-propre"],"_links":{"self":[{"href":"https:\/\/www.evearly.news\/fr\/wp-json\/wp\/v2\/posts\/315707","targetHints":{"allow":["GET"]}}],"collection":[{"href":"https:\/\/www.evearly.news\/fr\/wp-json\/wp\/v2\/posts"}],"about":[{"href":"https:\/\/www.evearly.news\/fr\/wp-json\/wp\/v2\/types\/post"}],"author":[{"embeddable":true,"href":"https:\/\/www.evearly.news\/fr\/wp-json\/wp\/v2\/users\/8"}],"replies":[{"embeddable":true,"href":"https:\/\/www.evearly.news\/fr\/wp-json\/wp\/v2\/comments?post=315707"}],"version-history":[{"count":0,"href":"https:\/\/www.evearly.news\/fr\/wp-json\/wp\/v2\/posts\/315707\/revisions"}],"wp:featuredmedia":[{"embeddable":true,"href":"https:\/\/www.evearly.news\/fr\/wp-json\/wp\/v2\/media\/315708"}],"wp:attachment":[{"href":"https:\/\/www.evearly.news\/fr\/wp-json\/wp\/v2\/media?parent=315707"}],"wp:term":[{"taxonomy":"category","embeddable":true,"href":"https:\/\/www.evearly.news\/fr\/wp-json\/wp\/v2\/categories?post=315707"},{"taxonomy":"post_tag","embeddable":true,"href":"https:\/\/www.evearly.news\/fr\/wp-json\/wp\/v2\/tags?post=315707"}],"curies":[{"name":"wp","href":"https:\/\/api.w.org\/{rel}","templated":true}]}}