{"id":315713,"date":"2026-01-21T16:24:50","date_gmt":"2026-01-21T15:24:50","guid":{"rendered":"https:\/\/www.evearly.news\/fr\/lobservatoire-national-de-la-donnee-de-recharge-permet-de-tout-savoir-sur-la-recharge-de-voiture-electrique-pour-les-particuliers-et-les-professionnels\/"},"modified":"2026-01-21T16:24:50","modified_gmt":"2026-01-21T15:24:50","slug":"lobservatoire-national-de-la-donnee-de-recharge-permet-de-tout-savoir-sur-la-recharge-de-voiture-electrique-pour-les-particuliers-et-les-professionnels","status":"publish","type":"post","link":"https:\/\/www.evearly.news\/fr\/lobservatoire-national-de-la-donnee-de-recharge-permet-de-tout-savoir-sur-la-recharge-de-voiture-electrique-pour-les-particuliers-et-les-professionnels\/","title":{"rendered":"L\u2019Observatoire national de la donn\u00e9e de recharge permet de tout savoir sur la recharge de voiture \u00e9lectrique, pour les particuliers et les professionnels"},"content":{"rendered":"<p><img decoding=\"async\" width=\"500\" height=\"333\" src=\"https:\/\/www.evearly.news\/fr\/wp-content\/uploads\/sites\/6\/2026\/01\/lobservatoire-national-de-la-donnee-de-recharge-permet-de-tout-savoir-sur-la-recharge-de-voiture-electrique-pour-les-particuliers-et-les-professionnels.webp\" class=\"attachment-1200x800 size-1200x800 wp-post-image\" alt=\"Obervatoire donn\u00e9es recharge\" loading=\"lazy\" srcset=\"https:\/\/www.evearly.news\/fr\/wp-content\/uploads\/sites\/6\/2026\/01\/lobservatoire-national-de-la-donnee-de-recharge-permet-de-tout-savoir-sur-la-recharge-de-voiture-electrique-pour-les-particuliers-et-les-professionnels.webp 1200w, https:\/\/www.evearly.news\/fr\/wp-content\/uploads\/sites\/6\/2026\/01\/lobservatoire-national-de-la-donnee-de-recharge-permet-de-tout-savoir-sur-la-recharge-de-voiture-electrique-pour-les-particuliers-et-les-professionnels-1.webp 1024w, https:\/\/www.evearly.news\/fr\/wp-content\/uploads\/sites\/6\/2026\/01\/lobservatoire-national-de-la-donnee-de-recharge-permet-de-tout-savoir-sur-la-recharge-de-voiture-electrique-pour-les-particuliers-et-les-professionnels-2.webp 768w, https:\/\/www.evearly.news\/fr\/wp-content\/uploads\/sites\/6\/2026\/01\/lobservatoire-national-de-la-donnee-de-recharge-permet-de-tout-savoir-sur-la-recharge-de-voiture-electrique-pour-les-particuliers-et-les-professionnels-3.webp 700w, https:\/\/cdn.automobile-propre.com\/uploads\/2026\/01\/observatoire-recharge-averer-ademe-960x538.webp 960w\" sizes=\"auto, (max-width: 1200px) 100vw, 1200px\" \/><br \/>\nLe d\u00e9veloppement de la voiture \u00e9lectrique ne repose pas uniquement sur le nombre de mod\u00e8les disponibles ou sur la puissance\u2026\u00a0<a href=https:\/\/www.automobile-propre.com\/articles\/lobservatoire-national-de-la-donnee-de-recharge-permet-de-tout-savoir-sur-la-recharge-de-voiture-electrique-pour-les-particuliers-et-les-professionnels\/ target='bwindow'>Lire la suite&#8230;<\/a><\/p>\n","protected":false},"excerpt":{"rendered":"<p>&#8230; <a class=\"continue-reading-link\" href=\"https:\/\/www.evearly.news\/fr\/lobservatoire-national-de-la-donnee-de-recharge-permet-de-tout-savoir-sur-la-recharge-de-voiture-electrique-pour-les-particuliers-et-les-professionnels\/\"><\/a><\/p>\n","protected":false},"author":8,"featured_media":315714,"comment_status":"closed","ping_status":"open","sticky":false,"template":"Default","format":"standard","meta":{"footnotes":""},"categories":[8],"tags":[],"class_list":["post-315713","post","type-post","status-publish","format-standard","has-post-thumbnail","hentry","category-automobile-propre"],"_links":{"self":[{"href":"https:\/\/www.evearly.news\/fr\/wp-json\/wp\/v2\/posts\/315713","targetHints":{"allow":["GET"]}}],"collection":[{"href":"https:\/\/www.evearly.news\/fr\/wp-json\/wp\/v2\/posts"}],"about":[{"href":"https:\/\/www.evearly.news\/fr\/wp-json\/wp\/v2\/types\/post"}],"author":[{"embeddable":true,"href":"https:\/\/www.evearly.news\/fr\/wp-json\/wp\/v2\/users\/8"}],"replies":[{"embeddable":true,"href":"https:\/\/www.evearly.news\/fr\/wp-json\/wp\/v2\/comments?post=315713"}],"version-history":[{"count":0,"href":"https:\/\/www.evearly.news\/fr\/wp-json\/wp\/v2\/posts\/315713\/revisions"}],"wp:featuredmedia":[{"embeddable":true,"href":"https:\/\/www.evearly.news\/fr\/wp-json\/wp\/v2\/media\/315714"}],"wp:attachment":[{"href":"https:\/\/www.evearly.news\/fr\/wp-json\/wp\/v2\/media?parent=315713"}],"wp:term":[{"taxonomy":"category","embeddable":true,"href":"https:\/\/www.evearly.news\/fr\/wp-json\/wp\/v2\/categories?post=315713"},{"taxonomy":"post_tag","embeddable":true,"href":"https:\/\/www.evearly.news\/fr\/wp-json\/wp\/v2\/tags?post=315713"}],"curies":[{"name":"wp","href":"https:\/\/api.w.org\/{rel}","templated":true}]}}