{"id":315721,"date":"2026-01-21T16:47:54","date_gmt":"2026-01-21T15:47:54","guid":{"rendered":"https:\/\/www.evearly.news\/fr\/renault-enterre-sa-division-des-voitures-electriques-ampere-et-finit-dannuler-la-strategie-de-lancien-patron\/"},"modified":"2026-01-21T16:47:54","modified_gmt":"2026-01-21T15:47:54","slug":"renault-enterre-sa-division-des-voitures-electriques-ampere-et-finit-dannuler-la-strategie-de-lancien-patron","status":"publish","type":"post","link":"https:\/\/www.evearly.news\/fr\/renault-enterre-sa-division-des-voitures-electriques-ampere-et-finit-dannuler-la-strategie-de-lancien-patron\/","title":{"rendered":"Renault enterre sa division des voitures \u00e9lectriques Amp\u00e8re et finit d\u2019annuler la strat\u00e9gie de l&rsquo;ancien patron"},"content":{"rendered":"<p><img decoding=\"async\" src=\"https:\/\/www.evearly.news\/fr\/wp-content\/uploads\/sites\/6\/2026\/01\/renault-enterre-sa-division-des-voitures-electriques-ampere-et-finit-dannuler-la-strategie-de-lancien-patron.jpg\" alt=\"caradisiac\" ><br \/>Apr\u00e8s Mobilize, le nouveau patron de Renault Fran\u00e7ois Provost se pr\u00e9pare \u00e0 dissoudre Amp\u00e8re, la division \u00ab\u00a0voitures \u00e9lectriques et logiciel\u00a0\u00bb mise en place par l\u2019ancien directeur g\u00e9n\u00e9ral Luca de Meo. Il lui est reproch\u00e9 d\u2019ajouter des d\u00e9penses et de l\u2019inertie inutiles. <a href=https:\/\/www.caradisiac.com\/renault-enterre-sa-division-des-voitures-electriques-ampere-et-finit-d-annuler-la-strategie-de-l-ancien-patron-219997.htm#xtor=RSS-40 target=blank>Lire la suite&#8230;<\/a><\/p>\n","protected":false},"excerpt":{"rendered":"<p><img decoding=\"async\" src=\"https:\/\/www.evearly.news\/fr\/wp-content\/uploads\/sites\/6\/2026\/01\/renault-enterre-sa-division-des-voitures-electriques-ampere-et-finit-dannuler-la-strategie-de-lancien-patron.jpg\" alt=\"caradisiac\"><br \/>Apr\u00e8s Mobilize, le nouveau patron de Renault Fran\u00e7ois Provost se pr\u00e9pare \u00e0 dissoudre Amp\u00e8re, la division \u00ab\u00a0voitures \u00e9lectriques et logiciel\u00a0\u00bb mise en place par l\u2019ancien directeur g\u00e9n\u00e9ral Luca de Meo. Il lui est reproch\u00e9 d\u2019ajouter des d\u00e9penses et de l\u2019inertie inutiles.<\/p>\n<p> <a class=\"continue-reading-link\" href=\"https:\/\/www.evearly.news\/fr\/renault-enterre-sa-division-des-voitures-electriques-ampere-et-finit-dannuler-la-strategie-de-lancien-patron\/\"><\/a><\/p>\n","protected":false},"author":11,"featured_media":315722,"comment_status":"closed","ping_status":"open","sticky":false,"template":"Default","format":"standard","meta":{"footnotes":""},"categories":[11],"tags":[],"class_list":["post-315721","post","type-post","status-publish","format-standard","has-post-thumbnail","hentry","category-caradisiac"],"_links":{"self":[{"href":"https:\/\/www.evearly.news\/fr\/wp-json\/wp\/v2\/posts\/315721","targetHints":{"allow":["GET"]}}],"collection":[{"href":"https:\/\/www.evearly.news\/fr\/wp-json\/wp\/v2\/posts"}],"about":[{"href":"https:\/\/www.evearly.news\/fr\/wp-json\/wp\/v2\/types\/post"}],"author":[{"embeddable":true,"href":"https:\/\/www.evearly.news\/fr\/wp-json\/wp\/v2\/users\/11"}],"replies":[{"embeddable":true,"href":"https:\/\/www.evearly.news\/fr\/wp-json\/wp\/v2\/comments?post=315721"}],"version-history":[{"count":0,"href":"https:\/\/www.evearly.news\/fr\/wp-json\/wp\/v2\/posts\/315721\/revisions"}],"wp:featuredmedia":[{"embeddable":true,"href":"https:\/\/www.evearly.news\/fr\/wp-json\/wp\/v2\/media\/315722"}],"wp:attachment":[{"href":"https:\/\/www.evearly.news\/fr\/wp-json\/wp\/v2\/media?parent=315721"}],"wp:term":[{"taxonomy":"category","embeddable":true,"href":"https:\/\/www.evearly.news\/fr\/wp-json\/wp\/v2\/categories?post=315721"},{"taxonomy":"post_tag","embeddable":true,"href":"https:\/\/www.evearly.news\/fr\/wp-json\/wp\/v2\/tags?post=315721"}],"curies":[{"name":"wp","href":"https:\/\/api.w.org\/{rel}","templated":true}]}}