{"id":315723,"date":"2026-01-21T18:00:18","date_gmt":"2026-01-21T17:00:18","guid":{"rendered":"https:\/\/www.evearly.news\/fr\/prevue-pour-2027-la-future-mazda-electrique-concue-en-interne-est-repoussee\/"},"modified":"2026-01-21T18:00:18","modified_gmt":"2026-01-21T17:00:18","slug":"prevue-pour-2027-la-future-mazda-electrique-concue-en-interne-est-repoussee","status":"publish","type":"post","link":"https:\/\/www.evearly.news\/fr\/prevue-pour-2027-la-future-mazda-electrique-concue-en-interne-est-repoussee\/","title":{"rendered":"Pr\u00e9vue pour 2027, la future Mazda \u00e9lectrique con\u00e7ue en interne est repouss\u00e9e"},"content":{"rendered":"<div class=\"media_block\"><img decoding=\"async\" src=\"https:\/\/www.evearly.news\/fr\/wp-content\/uploads\/sites\/6\/2026\/01\/prevue-pour-2027-la-future-mazda-electrique-concue-en-interne-est-repoussee.jpg\"><\/div>\n<p>Si la toute premi\u00e8re voiture \u00e9lectrique de Mazda, le singulier coup\u00e9 SUV \u00e0 portes arri\u00e8re antagoniste MX-30 a ouvert le bal d\u00e8s septembre 2020, sa petite batterie avec pour corollaire une autonomie limit\u00e9e \u00e0 200 km a tr\u00e8s clairement limit\u00e9 son int\u00e9r\u00eat. Pour sa seconde salve produit, en mati\u00e8re de v\u00e9hicules branch\u00e9s, Mazda a choisi la Chine en s\u2019appuyant sur son partenaire local Changan pour concevoir \u00e0 moindre co\u00fbt et rapidement la berline familiale 6e et le crossover CX-6e. Le troisi\u00e8me volet de cette strat\u00e9gie sur prise devait initialement reposer sur un v\u00e9hicule con\u00e7u en interne qui devait \u00eatre pr\u00e9sent\u00e9 en 2027. Une \u00e9ch\u00e9ance qui vient d\u2019\u00eatre repouss\u00e9e \u00e0 2029. Est-ce inqui\u00e9tant ? <a href=https:\/\/www.automobile-magazine.fr\/voitures-electriques\/article\/50768-prevue-pour-2027-la-future-mazda-electrique-concue-en-interne-est-repoussee target='bwindow'>Lire la suite&#8230;<\/a><\/p>\n","protected":false},"excerpt":{"rendered":"<div class=\"media_block\"><img decoding=\"async\" src=\"https:\/\/www.evearly.news\/fr\/wp-content\/uploads\/sites\/6\/2026\/01\/prevue-pour-2027-la-future-mazda-electrique-concue-en-interne-est-repoussee.jpg\"><\/div>\n<p> <a class=\"continue-reading-link\" href=\"https:\/\/www.evearly.news\/fr\/prevue-pour-2027-la-future-mazda-electrique-concue-en-interne-est-repoussee\/\"><\/a><\/p>\n","protected":false},"author":7,"featured_media":315724,"comment_status":"closed","ping_status":"open","sticky":false,"template":"Default","format":"standard","meta":{"footnotes":""},"categories":[7],"tags":[],"class_list":["post-315723","post","type-post","status-publish","format-standard","has-post-thumbnail","hentry","category-automobile-magazine"],"_links":{"self":[{"href":"https:\/\/www.evearly.news\/fr\/wp-json\/wp\/v2\/posts\/315723","targetHints":{"allow":["GET"]}}],"collection":[{"href":"https:\/\/www.evearly.news\/fr\/wp-json\/wp\/v2\/posts"}],"about":[{"href":"https:\/\/www.evearly.news\/fr\/wp-json\/wp\/v2\/types\/post"}],"author":[{"embeddable":true,"href":"https:\/\/www.evearly.news\/fr\/wp-json\/wp\/v2\/users\/7"}],"replies":[{"embeddable":true,"href":"https:\/\/www.evearly.news\/fr\/wp-json\/wp\/v2\/comments?post=315723"}],"version-history":[{"count":0,"href":"https:\/\/www.evearly.news\/fr\/wp-json\/wp\/v2\/posts\/315723\/revisions"}],"wp:featuredmedia":[{"embeddable":true,"href":"https:\/\/www.evearly.news\/fr\/wp-json\/wp\/v2\/media\/315724"}],"wp:attachment":[{"href":"https:\/\/www.evearly.news\/fr\/wp-json\/wp\/v2\/media?parent=315723"}],"wp:term":[{"taxonomy":"category","embeddable":true,"href":"https:\/\/www.evearly.news\/fr\/wp-json\/wp\/v2\/categories?post=315723"},{"taxonomy":"post_tag","embeddable":true,"href":"https:\/\/www.evearly.news\/fr\/wp-json\/wp\/v2\/tags?post=315723"}],"curies":[{"name":"wp","href":"https:\/\/api.w.org\/{rel}","templated":true}]}}