{"id":315731,"date":"2026-01-21T18:53:54","date_gmt":"2026-01-21T17:53:54","guid":{"rendered":"https:\/\/www.evearly.news\/fr\/volvo-ex60-vs-audi-q6-e-tron-et-tesla-model-y-vs-bmw-ix3-qui-est-le-meilleur-aujourdhui\/"},"modified":"2026-01-21T18:53:54","modified_gmt":"2026-01-21T17:53:54","slug":"volvo-ex60-vs-audi-q6-e-tron-et-tesla-model-y-vs-bmw-ix3-qui-est-le-meilleur-aujourdhui","status":"publish","type":"post","link":"https:\/\/www.evearly.news\/fr\/volvo-ex60-vs-audi-q6-e-tron-et-tesla-model-y-vs-bmw-ix3-qui-est-le-meilleur-aujourdhui\/","title":{"rendered":"Volvo EX60 vs Audi Q6 e-tron et Tesla Model Y vs BMW iX3 : qui est le meilleur aujourd\u2019hui ?"},"content":{"rendered":"<p><img width=\"1200\" height=\"675\" src=\"https:\/\/www.evearly.news\/fr\/wp-content\/uploads\/sites\/6\/2026\/01\/volvo-ex60-vs-audi-q6-e-tron-et-tesla-model-y-vs-bmw-ix3-qui-est-le-meilleur-aujourdhui.jpg\" class=\"attachment-full size-full wp-post-image\" alt=\"\" decoding=\"async\" loading=\"lazy\" \/<br \/>\n66 500 \u20ac. C&rsquo;est le ticket d&rsquo;entr\u00e9e du nouveau Volvo EX60. \u00c0 ce tarif, et jusqu&rsquo;\u00e0 plus de 82 000 \u20ac pour la version int\u00e9ressante. Volvo ne cherche pas \u00e0 d\u00e9mocratiser l&rsquo;\u00e9lectrique. La marque vise la gorge des premiums allemands. Et avec 810 km d&rsquo;autonomie, elle a les crocs.<br \/>\n <a href=https:\/\/www.frandroid.com\/marques\/2949915_volvo-ex60-vs-audi-q6-e-tron-et-tesla-model-y-vs-bmw-ix3-qui-peut-le-meilleur-aujourdhui target='blank'>Lire la suite&#8230;<\/a><\/p>\n","protected":false},"excerpt":{"rendered":"<p>&lt;img width=&quot;1200&quot; height=&quot;675&quot; src=&quot;https:\/\/www.evearly.news\/fr\/wp-content\/uploads\/sites\/6\/2026\/01\/volvo-ex60-vs-audi-q6-e-tron-et-tesla-model-y-vs-bmw-ix3-qui-est-le-meilleur-aujourdhui.jpg&quot; class=&quot;attachment-full size-full wp-post-image&quot; alt=&quot;&quot; decoding=&quot;async&quot; loading=&quot;lazy&quot; \/<br \/>\n66 500 \u20ac. C&rsquo;est le ticket d&rsquo;entr\u00e9e du nouveau Volvo EX60. \u00c0 ce tarif, et jusqu&rsquo;\u00e0 plus de 82 000 \u20ac pour la version int\u00e9ressante. Volvo ne cherche pas \u00e0 d\u00e9mocratiser l&rsquo;\u00e9lectrique. La marque vise la gorge des premiums allemands. Et avec 810 km d&rsquo;autonomie, elle a les crocs.\n<\/p>\n<p> <a class=\"continue-reading-link\" href=\"https:\/\/www.evearly.news\/fr\/volvo-ex60-vs-audi-q6-e-tron-et-tesla-model-y-vs-bmw-ix3-qui-est-le-meilleur-aujourdhui\/\"><\/a><\/p>\n","protected":false},"author":6,"featured_media":315732,"comment_status":"closed","ping_status":"open","sticky":false,"template":"Default","format":"standard","meta":{"footnotes":""},"categories":[14],"tags":[],"class_list":["post-315731","post","type-post","status-publish","format-standard","has-post-thumbnail","hentry","category-frandroid"],"_links":{"self":[{"href":"https:\/\/www.evearly.news\/fr\/wp-json\/wp\/v2\/posts\/315731","targetHints":{"allow":["GET"]}}],"collection":[{"href":"https:\/\/www.evearly.news\/fr\/wp-json\/wp\/v2\/posts"}],"about":[{"href":"https:\/\/www.evearly.news\/fr\/wp-json\/wp\/v2\/types\/post"}],"author":[{"embeddable":true,"href":"https:\/\/www.evearly.news\/fr\/wp-json\/wp\/v2\/users\/6"}],"replies":[{"embeddable":true,"href":"https:\/\/www.evearly.news\/fr\/wp-json\/wp\/v2\/comments?post=315731"}],"version-history":[{"count":0,"href":"https:\/\/www.evearly.news\/fr\/wp-json\/wp\/v2\/posts\/315731\/revisions"}],"wp:featuredmedia":[{"embeddable":true,"href":"https:\/\/www.evearly.news\/fr\/wp-json\/wp\/v2\/media\/315732"}],"wp:attachment":[{"href":"https:\/\/www.evearly.news\/fr\/wp-json\/wp\/v2\/media?parent=315731"}],"wp:term":[{"taxonomy":"category","embeddable":true,"href":"https:\/\/www.evearly.news\/fr\/wp-json\/wp\/v2\/categories?post=315731"},{"taxonomy":"post_tag","embeddable":true,"href":"https:\/\/www.evearly.news\/fr\/wp-json\/wp\/v2\/tags?post=315731"}],"curies":[{"name":"wp","href":"https:\/\/api.w.org\/{rel}","templated":true}]}}