{"id":315733,"date":"2026-01-21T18:54:23","date_gmt":"2026-01-21T17:54:23","guid":{"rendered":"https:\/\/www.evearly.news\/fr\/volvo-devoile-lex60-prix-date-et-fiche-technique-du-nouveau-rival-du-model-y-et-des-allemands\/"},"modified":"2026-01-21T18:54:23","modified_gmt":"2026-01-21T17:54:23","slug":"volvo-devoile-lex60-prix-date-et-fiche-technique-du-nouveau-rival-du-model-y-et-des-allemands","status":"publish","type":"post","link":"https:\/\/www.evearly.news\/fr\/volvo-devoile-lex60-prix-date-et-fiche-technique-du-nouveau-rival-du-model-y-et-des-allemands\/","title":{"rendered":"Volvo d\u00e9voile l\u2019EX60 : prix, date et fiche technique du nouveau rival du Model Y et des Allemands"},"content":{"rendered":"<p><img width=\"1200\" height=\"675\" src=\"https:\/\/www.evearly.news\/fr\/wp-content\/uploads\/sites\/6\/2026\/01\/volvo-devoile-lex60-prix-date-et-fiche-technique-du-nouveau-rival-du-model-y-et-des-allemands.jpg\" class=\"attachment-full size-full wp-post-image\" alt=\"\" decoding=\"async\" loading=\"lazy\" \/<br \/>\nApr\u00e8s un EX30 imparfait et un EX90 retard\u00e9, Volvo joue sa carte ma\u00eetresse : l&rsquo;EX60. C&rsquo;est le rempla\u00e7ant spirituel du XC60, le best-seller de la marque.<br \/>\n <a href=https:\/\/www.frandroid.com\/marques\/volvo\/2949789_volvo-devoile-lex60-prix-date-et-fiche-technique-du-nouveau-rival-du-model-y-et-des-allemands target='blank'>Lire la suite&#8230;<\/a><\/p>\n","protected":false},"excerpt":{"rendered":"<p>&lt;img width=&quot;1200&quot; height=&quot;675&quot; src=&quot;https:\/\/www.evearly.news\/fr\/wp-content\/uploads\/sites\/6\/2026\/01\/volvo-devoile-lex60-prix-date-et-fiche-technique-du-nouveau-rival-du-model-y-et-des-allemands.jpg&quot; class=&quot;attachment-full size-full wp-post-image&quot; alt=&quot;&quot; decoding=&quot;async&quot; loading=&quot;lazy&quot; \/<br \/>\nApr\u00e8s un EX30 imparfait et un EX90 retard\u00e9, Volvo joue sa carte ma\u00eetresse : l&rsquo;EX60. C&rsquo;est le rempla\u00e7ant spirituel du XC60, le best-seller de la marque.\n<\/p>\n<p> <a class=\"continue-reading-link\" href=\"https:\/\/www.evearly.news\/fr\/volvo-devoile-lex60-prix-date-et-fiche-technique-du-nouveau-rival-du-model-y-et-des-allemands\/\"><\/a><\/p>\n","protected":false},"author":6,"featured_media":315734,"comment_status":"closed","ping_status":"open","sticky":false,"template":"Default","format":"standard","meta":{"footnotes":""},"categories":[14],"tags":[],"class_list":["post-315733","post","type-post","status-publish","format-standard","has-post-thumbnail","hentry","category-frandroid"],"_links":{"self":[{"href":"https:\/\/www.evearly.news\/fr\/wp-json\/wp\/v2\/posts\/315733","targetHints":{"allow":["GET"]}}],"collection":[{"href":"https:\/\/www.evearly.news\/fr\/wp-json\/wp\/v2\/posts"}],"about":[{"href":"https:\/\/www.evearly.news\/fr\/wp-json\/wp\/v2\/types\/post"}],"author":[{"embeddable":true,"href":"https:\/\/www.evearly.news\/fr\/wp-json\/wp\/v2\/users\/6"}],"replies":[{"embeddable":true,"href":"https:\/\/www.evearly.news\/fr\/wp-json\/wp\/v2\/comments?post=315733"}],"version-history":[{"count":0,"href":"https:\/\/www.evearly.news\/fr\/wp-json\/wp\/v2\/posts\/315733\/revisions"}],"wp:featuredmedia":[{"embeddable":true,"href":"https:\/\/www.evearly.news\/fr\/wp-json\/wp\/v2\/media\/315734"}],"wp:attachment":[{"href":"https:\/\/www.evearly.news\/fr\/wp-json\/wp\/v2\/media?parent=315733"}],"wp:term":[{"taxonomy":"category","embeddable":true,"href":"https:\/\/www.evearly.news\/fr\/wp-json\/wp\/v2\/categories?post=315733"},{"taxonomy":"post_tag","embeddable":true,"href":"https:\/\/www.evearly.news\/fr\/wp-json\/wp\/v2\/tags?post=315733"}],"curies":[{"name":"wp","href":"https:\/\/api.w.org\/{rel}","templated":true}]}}