{"id":315735,"date":"2026-01-21T19:03:02","date_gmt":"2026-01-21T18:03:02","guid":{"rendered":"https:\/\/www.evearly.news\/fr\/volvo-ex60-2026-voici-tout-ce-quil-faut-savoir-sur-le-nouveau-suv-electrique-suedois\/"},"modified":"2026-01-21T19:03:02","modified_gmt":"2026-01-21T18:03:02","slug":"volvo-ex60-2026-voici-tout-ce-quil-faut-savoir-sur-le-nouveau-suv-electrique-suedois","status":"publish","type":"post","link":"https:\/\/www.evearly.news\/fr\/volvo-ex60-2026-voici-tout-ce-quil-faut-savoir-sur-le-nouveau-suv-electrique-suedois\/","title":{"rendered":"Volvo EX60 2026 : voici tout ce qu\u2019il faut savoir sur le nouveau SUV \u00e9lectrique su\u00e9dois !"},"content":{"rendered":"<p><img decoding=\"async\" width=\"500\" height=\"333\" src=\"https:\/\/www.evearly.news\/fr\/wp-content\/uploads\/sites\/6\/2026\/01\/volvo-ex60-2026-voici-tout-ce-quil-faut-savoir-sur-le-nouveau-suv-electrique-suedois.jpg\" class=\"attachment-1200x800 size-1200x800 wp-post-image\" alt=\"Volvo EX60 Cross Country\" loading=\"lazy\" srcset=\"https:\/\/www.evearly.news\/fr\/wp-content\/uploads\/sites\/6\/2026\/01\/volvo-ex60-2026-voici-tout-ce-quil-faut-savoir-sur-le-nouveau-suv-electrique-suedois.jpg 2000w, https:\/\/www.evearly.news\/fr\/wp-content\/uploads\/sites\/6\/2026\/01\/volvo-ex60-2026-voici-tout-ce-quil-faut-savoir-sur-le-nouveau-suv-electrique-suedois-1.jpg 1640w, https:\/\/www.evearly.news\/fr\/wp-content\/uploads\/sites\/6\/2026\/01\/volvo-ex60-2026-voici-tout-ce-quil-faut-savoir-sur-le-nouveau-suv-electrique-suedois-2.jpg 1024w, https:\/\/www.evearly.news\/fr\/wp-content\/uploads\/sites\/6\/2026\/01\/volvo-ex60-2026-voici-tout-ce-quil-faut-savoir-sur-le-nouveau-suv-electrique-suedois-3.jpg 768w, https:\/\/www.evearly.news\/fr\/wp-content\/uploads\/sites\/6\/2026\/01\/volvo-ex60-2026-voici-tout-ce-quil-faut-savoir-sur-le-nouveau-suv-electrique-suedois-4.jpg 1536w, https:\/\/www.evearly.news\/fr\/wp-content\/uploads\/sites\/6\/2026\/01\/volvo-ex60-2026-voici-tout-ce-quil-faut-savoir-sur-le-nouveau-suv-electrique-suedois-5.jpg 623w, https:\/\/cdn.automobile-propre.com\/uploads\/2026\/01\/20251213_EX60_MEDIA_009-960x720.jpg 960w\" sizes=\"auto, (max-width: 1067px) 100vw, 1067px\" \/><br \/>\nVolvo lance son nouveau SUV polyvalent et \u00ab\u00a0con\u00e7u pour une nouvelle \u00e8re de mobilit\u00e9 tout \u00e9lectrique\u00a0\u00bb. Design, technologies, innovations, s\u00e9curit\u00e9\u2026\u2026\u00a0<a href=https:\/\/www.automobile-propre.com\/articles\/volvo-ex60-2026-voici-tout-ce-quil-faut-savoir-sur-le-nouveau-suv-electrique-suedois\/ target='bwindow'>Lire la suite&#8230;<\/a><\/p>\n","protected":false},"excerpt":{"rendered":"<p>&#8230; <a class=\"continue-reading-link\" href=\"https:\/\/www.evearly.news\/fr\/volvo-ex60-2026-voici-tout-ce-quil-faut-savoir-sur-le-nouveau-suv-electrique-suedois\/\"><\/a><\/p>\n","protected":false},"author":8,"featured_media":315736,"comment_status":"closed","ping_status":"open","sticky":false,"template":"Default","format":"standard","meta":{"footnotes":""},"categories":[8],"tags":[],"class_list":["post-315735","post","type-post","status-publish","format-standard","has-post-thumbnail","hentry","category-automobile-propre"],"_links":{"self":[{"href":"https:\/\/www.evearly.news\/fr\/wp-json\/wp\/v2\/posts\/315735","targetHints":{"allow":["GET"]}}],"collection":[{"href":"https:\/\/www.evearly.news\/fr\/wp-json\/wp\/v2\/posts"}],"about":[{"href":"https:\/\/www.evearly.news\/fr\/wp-json\/wp\/v2\/types\/post"}],"author":[{"embeddable":true,"href":"https:\/\/www.evearly.news\/fr\/wp-json\/wp\/v2\/users\/8"}],"replies":[{"embeddable":true,"href":"https:\/\/www.evearly.news\/fr\/wp-json\/wp\/v2\/comments?post=315735"}],"version-history":[{"count":0,"href":"https:\/\/www.evearly.news\/fr\/wp-json\/wp\/v2\/posts\/315735\/revisions"}],"wp:featuredmedia":[{"embeddable":true,"href":"https:\/\/www.evearly.news\/fr\/wp-json\/wp\/v2\/media\/315736"}],"wp:attachment":[{"href":"https:\/\/www.evearly.news\/fr\/wp-json\/wp\/v2\/media?parent=315735"}],"wp:term":[{"taxonomy":"category","embeddable":true,"href":"https:\/\/www.evearly.news\/fr\/wp-json\/wp\/v2\/categories?post=315735"},{"taxonomy":"post_tag","embeddable":true,"href":"https:\/\/www.evearly.news\/fr\/wp-json\/wp\/v2\/tags?post=315735"}],"curies":[{"name":"wp","href":"https:\/\/api.w.org\/{rel}","templated":true}]}}