{"id":315739,"date":"2026-01-21T18:30:00","date_gmt":"2026-01-21T17:30:00","guid":{"rendered":"https:\/\/www.evearly.news\/fr\/puissance-delirante-autonomie-record-le-volvo-ex60-electrique-fait-deja-trembler-les-allemands-tesla-et-son-frangin-xc60-thermique\/"},"modified":"2026-01-21T18:30:00","modified_gmt":"2026-01-21T17:30:00","slug":"puissance-delirante-autonomie-record-le-volvo-ex60-electrique-fait-deja-trembler-les-allemands-tesla-et-son-frangin-xc60-thermique","status":"publish","type":"post","link":"https:\/\/www.evearly.news\/fr\/puissance-delirante-autonomie-record-le-volvo-ex60-electrique-fait-deja-trembler-les-allemands-tesla-et-son-frangin-xc60-thermique\/","title":{"rendered":"Puissance d\u00e9lirante, autonomie record\u00a0: le Volvo EX60 \u00e9lectrique fait d\u00e9j\u00e0 trembler les Allemands, Tesla et\u2026 son frangin XC60 thermique\u00a0!"},"content":{"rendered":"<p><img decoding=\"async\" src=\"https:\/\/www.evearly.news\/fr\/wp-content\/uploads\/sites\/6\/2026\/01\/puissance-delirante-autonomie-record-le-volvo-ex60-electrique-fait-deja-trembler-les-allemands-tesla-et-son-frangin-xc60-thermique.jpg\" alt=\"caradisiac\" ><br \/>Avec cet in\u00e9dit EX60 \u00e9lectrique, Volvo compte bien bousculer les Audi Q6 e-tron, BMW iX3, Mercedes GLC EQ et, bien s\u00fbr le c\u00e9l\u00e8bre Tesla Model Y qui a su d\u00e9mocratiser l\u2019\u00e9nergie \u00e9lectrique chez les SUV. Et le Su\u00e9dois pourrait bien y parvenir gr\u00e2ce \u00e0 des moteurs ultrapuissants, une autonomie pouvant d\u00e9passer les 800\u00a0km et\u2026 des recharges \u00e9clair. Rencontre\u00a0! <a href=https:\/\/www.caradisiac.com\/puissance-delirante-autonomie-record-le-volvo-ex60-electrique-fait-deja-trembler-les-allemands-tesla-et-son-frangin-xc60-thermique-219880.htm#xtor=RSS-40 target=blank>Lire la suite&#8230;<\/a><\/p>\n","protected":false},"excerpt":{"rendered":"<p><img decoding=\"async\" src=\"https:\/\/www.evearly.news\/fr\/wp-content\/uploads\/sites\/6\/2026\/01\/puissance-delirante-autonomie-record-le-volvo-ex60-electrique-fait-deja-trembler-les-allemands-tesla-et-son-frangin-xc60-thermique.jpg\" alt=\"caradisiac\"><br \/>Avec cet in\u00e9dit EX60 \u00e9lectrique, Volvo compte bien bousculer les Audi Q6 e-tron, BMW iX3, Mercedes GLC EQ et, bien s\u00fbr le c\u00e9l\u00e8bre Tesla Model Y qui a su d\u00e9mocratiser l\u2019\u00e9nergie \u00e9lectrique chez les SUV. Et le Su\u00e9dois pourrait bien y parvenir gr\u00e2ce \u00e0 des moteurs ultrapuissants, une autonomie pouvant d\u00e9passer les 800\u00a0km et\u2026 des recharges \u00e9clair. Rencontre\u00a0!<\/p>\n<p> <a class=\"continue-reading-link\" href=\"https:\/\/www.evearly.news\/fr\/puissance-delirante-autonomie-record-le-volvo-ex60-electrique-fait-deja-trembler-les-allemands-tesla-et-son-frangin-xc60-thermique\/\"><\/a><\/p>\n","protected":false},"author":11,"featured_media":315740,"comment_status":"closed","ping_status":"open","sticky":false,"template":"Default","format":"standard","meta":{"footnotes":""},"categories":[11],"tags":[],"class_list":["post-315739","post","type-post","status-publish","format-standard","has-post-thumbnail","hentry","category-caradisiac"],"_links":{"self":[{"href":"https:\/\/www.evearly.news\/fr\/wp-json\/wp\/v2\/posts\/315739","targetHints":{"allow":["GET"]}}],"collection":[{"href":"https:\/\/www.evearly.news\/fr\/wp-json\/wp\/v2\/posts"}],"about":[{"href":"https:\/\/www.evearly.news\/fr\/wp-json\/wp\/v2\/types\/post"}],"author":[{"embeddable":true,"href":"https:\/\/www.evearly.news\/fr\/wp-json\/wp\/v2\/users\/11"}],"replies":[{"embeddable":true,"href":"https:\/\/www.evearly.news\/fr\/wp-json\/wp\/v2\/comments?post=315739"}],"version-history":[{"count":0,"href":"https:\/\/www.evearly.news\/fr\/wp-json\/wp\/v2\/posts\/315739\/revisions"}],"wp:featuredmedia":[{"embeddable":true,"href":"https:\/\/www.evearly.news\/fr\/wp-json\/wp\/v2\/media\/315740"}],"wp:attachment":[{"href":"https:\/\/www.evearly.news\/fr\/wp-json\/wp\/v2\/media?parent=315739"}],"wp:term":[{"taxonomy":"category","embeddable":true,"href":"https:\/\/www.evearly.news\/fr\/wp-json\/wp\/v2\/categories?post=315739"},{"taxonomy":"post_tag","embeddable":true,"href":"https:\/\/www.evearly.news\/fr\/wp-json\/wp\/v2\/tags?post=315739"}],"curies":[{"name":"wp","href":"https:\/\/api.w.org\/{rel}","templated":true}]}}