{"id":315741,"date":"2026-01-21T20:04:22","date_gmt":"2026-01-21T19:04:22","guid":{"rendered":"https:\/\/www.evearly.news\/fr\/nouveau-volvo-ex60-a-bord-du-suv-electrique-a-grande-autonomie\/"},"modified":"2026-01-21T20:04:22","modified_gmt":"2026-01-21T19:04:22","slug":"nouveau-volvo-ex60-a-bord-du-suv-electrique-a-grande-autonomie","status":"publish","type":"post","link":"https:\/\/www.evearly.news\/fr\/nouveau-volvo-ex60-a-bord-du-suv-electrique-a-grande-autonomie\/","title":{"rendered":"Nouveau Volvo EX60 : \u00e0 bord du SUV \u00e9lectrique \u00e0 grande autonomie !"},"content":{"rendered":"<div class=\"media_block\"><img decoding=\"async\" src=\"https:\/\/www.evearly.news\/fr\/wp-content\/uploads\/sites\/6\/2026\/01\/nouveau-volvo-ex60-a-bord-du-suv-electrique-a-grande-autonomie.jpg\"><\/div>\n<p>A l\u2019\u00e9chelle mondiale, le XC60 \u00e9tait encore l\u2019an dernier le best-seller de Volvo. Mais ce mod\u00e8le de milieu de gamme capital pour le constructeur su\u00e9dois va prochainement devoir partager son tr\u00f4ne avec l\u2019EX60, son fr\u00e8re 100% \u00e9lectrique. Avec une autonomie pouvant d\u00e9passer les 800 km en haut de gamme et du costaud c\u00f4t\u00e9 puissance de recharge, ce SUV a tout pour convertir les familles BCBG encore r\u00e9ticentes au 0 \u00e9mission, d\u2019autant qu\u2019il soigne aussi les d\u00e9tails c\u00f4t\u00e9 pr\u00e9sentation et aspects pratiques. <a href=https:\/\/www.automobile-magazine.fr\/voitures-electriques\/article\/50744-nouveau-volvo-ex60-a-bord-du-suv-electrique-a-grande-autonomie target='bwindow'>Lire la suite&#8230;<\/a><\/p>\n","protected":false},"excerpt":{"rendered":"<div class=\"media_block\"><img decoding=\"async\" src=\"https:\/\/www.evearly.news\/fr\/wp-content\/uploads\/sites\/6\/2026\/01\/nouveau-volvo-ex60-a-bord-du-suv-electrique-a-grande-autonomie.jpg\"><\/div>\n<p> <a class=\"continue-reading-link\" href=\"https:\/\/www.evearly.news\/fr\/nouveau-volvo-ex60-a-bord-du-suv-electrique-a-grande-autonomie\/\"><\/a><\/p>\n","protected":false},"author":7,"featured_media":315742,"comment_status":"closed","ping_status":"open","sticky":false,"template":"Default","format":"standard","meta":{"footnotes":""},"categories":[7],"tags":[],"class_list":["post-315741","post","type-post","status-publish","format-standard","has-post-thumbnail","hentry","category-automobile-magazine"],"_links":{"self":[{"href":"https:\/\/www.evearly.news\/fr\/wp-json\/wp\/v2\/posts\/315741","targetHints":{"allow":["GET"]}}],"collection":[{"href":"https:\/\/www.evearly.news\/fr\/wp-json\/wp\/v2\/posts"}],"about":[{"href":"https:\/\/www.evearly.news\/fr\/wp-json\/wp\/v2\/types\/post"}],"author":[{"embeddable":true,"href":"https:\/\/www.evearly.news\/fr\/wp-json\/wp\/v2\/users\/7"}],"replies":[{"embeddable":true,"href":"https:\/\/www.evearly.news\/fr\/wp-json\/wp\/v2\/comments?post=315741"}],"version-history":[{"count":0,"href":"https:\/\/www.evearly.news\/fr\/wp-json\/wp\/v2\/posts\/315741\/revisions"}],"wp:featuredmedia":[{"embeddable":true,"href":"https:\/\/www.evearly.news\/fr\/wp-json\/wp\/v2\/media\/315742"}],"wp:attachment":[{"href":"https:\/\/www.evearly.news\/fr\/wp-json\/wp\/v2\/media?parent=315741"}],"wp:term":[{"taxonomy":"category","embeddable":true,"href":"https:\/\/www.evearly.news\/fr\/wp-json\/wp\/v2\/categories?post=315741"},{"taxonomy":"post_tag","embeddable":true,"href":"https:\/\/www.evearly.news\/fr\/wp-json\/wp\/v2\/tags?post=315741"}],"curies":[{"name":"wp","href":"https:\/\/api.w.org\/{rel}","templated":true}]}}