{"id":315767,"date":"2026-01-22T08:07:01","date_gmt":"2026-01-22T07:07:01","guid":{"rendered":"https:\/\/www.evearly.news\/fr\/volvo-ex60-on-a-vu-le-remplacant-electrique-du-xc60-avec-ses-810-km-dautonomie\/"},"modified":"2026-01-22T08:07:01","modified_gmt":"2026-01-22T07:07:01","slug":"volvo-ex60-on-a-vu-le-remplacant-electrique-du-xc60-avec-ses-810-km-dautonomie","status":"publish","type":"post","link":"https:\/\/www.evearly.news\/fr\/volvo-ex60-on-a-vu-le-remplacant-electrique-du-xc60-avec-ses-810-km-dautonomie\/","title":{"rendered":"Volvo EX60 : on a vu le rempla\u00e7ant \u00e9lectrique du XC60 avec ses 810 km d\u2019autonomie"},"content":{"rendered":"<p><img width=\"1200\" height=\"675\" src=\"https:\/\/www.evearly.news\/fr\/wp-content\/uploads\/sites\/6\/2026\/01\/volvo-ex60-on-a-vu-le-remplacant-electrique-du-xc60-avec-ses-810-km-dautonomie.jpg\" class=\"attachment-full size-full wp-post-image\" alt=\"\" decoding=\"async\" loading=\"lazy\" \/<br \/>\nC&rsquo;est le moment de v\u00e9rit\u00e9 pour Volvo. Apr\u00e8s les retards de l&rsquo;EX90 et les d\u00e9buts logiciels chaotiques de l&rsquo;EX30 (que je connais bien pour en avoir un dans mon garage), voici l&rsquo;EX60. C&rsquo;est le rempla\u00e7ant du XC60, le c\u0153ur du r\u00e9acteur. Et pour ne pas se rater, Volvo d\u00e9gaine l&rsquo;architecture 800V et une autonomie th\u00e9orique de 810 km. On fait le tour du propri\u00e9taire.<br \/>\n <a href=https:\/\/www.frandroid.com\/marques\/2949847_volvo-ex60-on-a-vu-le-remplacant-electrique-du-xc60-avec-ses-810-km-dautonomie target='blank'>Lire la suite&#8230;<\/a><\/p>\n","protected":false},"excerpt":{"rendered":"<p>&lt;img width=&quot;1200&quot; height=&quot;675&quot; src=&quot;https:\/\/www.evearly.news\/fr\/wp-content\/uploads\/sites\/6\/2026\/01\/volvo-ex60-on-a-vu-le-remplacant-electrique-du-xc60-avec-ses-810-km-dautonomie.jpg&quot; class=&quot;attachment-full size-full wp-post-image&quot; alt=&quot;&quot; decoding=&quot;async&quot; loading=&quot;lazy&quot; \/<br \/>\nC&rsquo;est le moment de v\u00e9rit\u00e9 pour Volvo. Apr\u00e8s les retards de l&rsquo;EX90 et les d\u00e9buts logiciels chaotiques de l&rsquo;EX30 (que je connais bien pour en avoir un dans mon garage), voici l&rsquo;EX60. C&rsquo;est le rempla\u00e7ant du XC60, le c\u0153ur du r\u00e9acteur. Et pour ne pas se rater, Volvo d\u00e9gaine l&rsquo;architecture 800V et une autonomie th\u00e9orique de 810 km. On fait le tour du propri\u00e9taire.\n<\/p>\n<p> <a class=\"continue-reading-link\" href=\"https:\/\/www.evearly.news\/fr\/volvo-ex60-on-a-vu-le-remplacant-electrique-du-xc60-avec-ses-810-km-dautonomie\/\"><\/a><\/p>\n","protected":false},"author":6,"featured_media":315768,"comment_status":"closed","ping_status":"open","sticky":false,"template":"Default","format":"standard","meta":{"footnotes":""},"categories":[14],"tags":[],"class_list":["post-315767","post","type-post","status-publish","format-standard","has-post-thumbnail","hentry","category-frandroid"],"_links":{"self":[{"href":"https:\/\/www.evearly.news\/fr\/wp-json\/wp\/v2\/posts\/315767","targetHints":{"allow":["GET"]}}],"collection":[{"href":"https:\/\/www.evearly.news\/fr\/wp-json\/wp\/v2\/posts"}],"about":[{"href":"https:\/\/www.evearly.news\/fr\/wp-json\/wp\/v2\/types\/post"}],"author":[{"embeddable":true,"href":"https:\/\/www.evearly.news\/fr\/wp-json\/wp\/v2\/users\/6"}],"replies":[{"embeddable":true,"href":"https:\/\/www.evearly.news\/fr\/wp-json\/wp\/v2\/comments?post=315767"}],"version-history":[{"count":0,"href":"https:\/\/www.evearly.news\/fr\/wp-json\/wp\/v2\/posts\/315767\/revisions"}],"wp:featuredmedia":[{"embeddable":true,"href":"https:\/\/www.evearly.news\/fr\/wp-json\/wp\/v2\/media\/315768"}],"wp:attachment":[{"href":"https:\/\/www.evearly.news\/fr\/wp-json\/wp\/v2\/media?parent=315767"}],"wp:term":[{"taxonomy":"category","embeddable":true,"href":"https:\/\/www.evearly.news\/fr\/wp-json\/wp\/v2\/categories?post=315767"},{"taxonomy":"post_tag","embeddable":true,"href":"https:\/\/www.evearly.news\/fr\/wp-json\/wp\/v2\/tags?post=315767"}],"curies":[{"name":"wp","href":"https:\/\/api.w.org\/{rel}","templated":true}]}}