{"id":315769,"date":"2026-01-22T08:05:00","date_gmt":"2026-01-22T07:05:00","guid":{"rendered":"https:\/\/www.evearly.news\/fr\/ne-serait-il-pas-temps-de-revoir-le-mecanisme-usine-a-gaz-de-lecosocore-percu-comme-un-frein-a-lelectrification-du-parc-automobile\/"},"modified":"2026-01-22T08:05:00","modified_gmt":"2026-01-22T07:05:00","slug":"ne-serait-il-pas-temps-de-revoir-le-mecanisme-usine-a-gaz-de-lecosocore-percu-comme-un-frein-a-lelectrification-du-parc-automobile","status":"publish","type":"post","link":"https:\/\/www.evearly.news\/fr\/ne-serait-il-pas-temps-de-revoir-le-mecanisme-usine-a-gaz-de-lecosocore-percu-comme-un-frein-a-lelectrification-du-parc-automobile\/","title":{"rendered":"Ne serait-il pas temps de revoir le m\u00e9canisme \u00ab\u00a0usine \u00e0 gaz\u00a0\u00bb de l\u2019\u00e9cosocore per\u00e7u comme un frein \u00e0 l&rsquo;\u00e9lectrification du parc automobile ?"},"content":{"rendered":"<p><img decoding=\"async\" src=\"https:\/\/www.evearly.news\/fr\/wp-content\/uploads\/sites\/6\/2026\/01\/ne-serait-il-pas-temps-de-revoir-le-mecanisme-usine-a-gaz-de-lecosocore-percu-comme-un-frein-a-lelectrification-du-parc-automobile.jpg\" alt=\"caradisiac\" ><br \/>Les flottes ont massivement adopt\u00e9 les mod\u00e8les \u00e9cosocr\u00e9s en 2025 pour des raisons fiscales. Mais les critiques ne cessent de pointer \u00e0 l\u2019encontre du label. Serait-il en passe de devenir un boulet de l&rsquo;\u00e9lectromobilit\u00e9 pour les entreprises et plus g\u00e9n\u00e9ralement pour l&rsquo;ensemble du parc ? <a href=https:\/\/www.caradisiac.com\/ne-serait-il-pas-temps-de-revoir-le-mecanisme-usine-a-gaz-de-l-ecosocore-percu-comme-un-frein-a-l-electrification-du-parc-automobile-220007.htm#xtor=RSS-40 target=blank>Lire la suite&#8230;<\/a><\/p>\n","protected":false},"excerpt":{"rendered":"<p><img decoding=\"async\" src=\"https:\/\/www.evearly.news\/fr\/wp-content\/uploads\/sites\/6\/2026\/01\/ne-serait-il-pas-temps-de-revoir-le-mecanisme-usine-a-gaz-de-lecosocore-percu-comme-un-frein-a-lelectrification-du-parc-automobile.jpg\" alt=\"caradisiac\"><br \/>Les flottes ont massivement adopt\u00e9 les mod\u00e8les \u00e9cosocr\u00e9s en 2025 pour des raisons fiscales. Mais les critiques ne cessent de pointer \u00e0 l\u2019encontre du label. Serait-il en passe de devenir un boulet de l&rsquo;\u00e9lectromobilit\u00e9 pour les entreprises et plus g\u00e9n\u00e9ralement pour l&rsquo;ensemble du parc ?<\/p>\n<p> <a class=\"continue-reading-link\" href=\"https:\/\/www.evearly.news\/fr\/ne-serait-il-pas-temps-de-revoir-le-mecanisme-usine-a-gaz-de-lecosocore-percu-comme-un-frein-a-lelectrification-du-parc-automobile\/\"><\/a><\/p>\n","protected":false},"author":11,"featured_media":315770,"comment_status":"closed","ping_status":"open","sticky":false,"template":"Default","format":"standard","meta":{"footnotes":""},"categories":[11],"tags":[],"class_list":["post-315769","post","type-post","status-publish","format-standard","has-post-thumbnail","hentry","category-caradisiac"],"_links":{"self":[{"href":"https:\/\/www.evearly.news\/fr\/wp-json\/wp\/v2\/posts\/315769","targetHints":{"allow":["GET"]}}],"collection":[{"href":"https:\/\/www.evearly.news\/fr\/wp-json\/wp\/v2\/posts"}],"about":[{"href":"https:\/\/www.evearly.news\/fr\/wp-json\/wp\/v2\/types\/post"}],"author":[{"embeddable":true,"href":"https:\/\/www.evearly.news\/fr\/wp-json\/wp\/v2\/users\/11"}],"replies":[{"embeddable":true,"href":"https:\/\/www.evearly.news\/fr\/wp-json\/wp\/v2\/comments?post=315769"}],"version-history":[{"count":0,"href":"https:\/\/www.evearly.news\/fr\/wp-json\/wp\/v2\/posts\/315769\/revisions"}],"wp:featuredmedia":[{"embeddable":true,"href":"https:\/\/www.evearly.news\/fr\/wp-json\/wp\/v2\/media\/315770"}],"wp:attachment":[{"href":"https:\/\/www.evearly.news\/fr\/wp-json\/wp\/v2\/media?parent=315769"}],"wp:term":[{"taxonomy":"category","embeddable":true,"href":"https:\/\/www.evearly.news\/fr\/wp-json\/wp\/v2\/categories?post=315769"},{"taxonomy":"post_tag","embeddable":true,"href":"https:\/\/www.evearly.news\/fr\/wp-json\/wp\/v2\/tags?post=315769"}],"curies":[{"name":"wp","href":"https:\/\/api.w.org\/{rel}","templated":true}]}}