{"id":315773,"date":"2026-01-22T09:20:05","date_gmt":"2026-01-22T08:20:05","guid":{"rendered":"https:\/\/www.evearly.news\/fr\/flottes-dentreprise-un-marche-cle-pour-lelectrique\/"},"modified":"2026-01-22T09:20:05","modified_gmt":"2026-01-22T08:20:05","slug":"flottes-dentreprise-un-marche-cle-pour-lelectrique","status":"publish","type":"post","link":"https:\/\/www.evearly.news\/fr\/flottes-dentreprise-un-marche-cle-pour-lelectrique\/","title":{"rendered":"Flottes d\u2019entreprise, un march\u00e9 cl\u00e9 pour l\u2019\u00e9lectrique"},"content":{"rendered":"<p><img width=\"1000\" height=\"563\" src=\"https:\/\/www.evearly.news\/fr\/wp-content\/uploads\/sites\/6\/2026\/01\/flottes-dentreprise-un-marche-cle-pour-lelectrique.jpg\" class=\"attachment-post-thumbnail size-post-thumbnail wp-post-image\" alt=\"Flottes d'entreprises March\u00e9 cl\u00e9\" decoding=\"async\" fetchpriority=\"high\" srcset=\"https:\/\/www.evearly.news\/fr\/wp-content\/uploads\/sites\/6\/2026\/01\/flottes-dentreprise-un-marche-cle-pour-lelectrique.jpg 1000w, https:\/\/www.evearly.news\/fr\/wp-content\/uploads\/sites\/6\/2026\/01\/flottes-dentreprise-un-marche-cle-pour-lelectrique-1.jpg 300w, https:\/\/www.evearly.news\/fr\/wp-content\/uploads\/sites\/6\/2026\/01\/flottes-dentreprise-un-marche-cle-pour-lelectrique-2.jpg 998w, https:\/\/www.avem.fr\/wp-content\/uploads\/2026\/01\/Bilan-2025-Flottes-Automobiles-Une-768x432.jpg 768w\" sizes=\"(max-width: 1000px) 100vw, 1000px\" \/>Apr\u00e8s une ann\u00e9e 2024 d\u00e9j\u00e0 tr\u00e8s compliqu\u00e9e, le march\u00e9 automobile dans son ensemble a poursuivi sa chute en 2025. Avec 1 million 632 157 immatriculations, le recul a atteint 5% par rapport \u00e0 2024. Pourtant, dans ce marasme ambiant, les ventes de v\u00e9hicules \u00e9lectriques ont progress\u00e9 assez fortement (+12,5%). Un [\u2026] <a href=https:\/\/www.avem.fr\/2026\/01\/22\/flottes-dentreprise-un-marche-cle-pour-lelectrique\/ target=blank>Lire la suite&#8230;<\/a><\/p>\n","protected":false},"excerpt":{"rendered":"<p><img loading=\"lazy\" decoding=\"async\" width=\"1000\" height=\"563\" src=\"https:\/\/www.evearly.news\/fr\/wp-content\/uploads\/sites\/6\/2026\/01\/flottes-dentreprise-un-marche-cle-pour-lelectrique.jpg\" class=\"attachment-post-thumbnail size-post-thumbnail wp-post-image\" alt=\"Flottes d'entreprises March\u00e9 cl\u00e9\" \/>Apr\u00e8s une ann\u00e9e 2024 d\u00e9j\u00e0 tr\u00e8s compliqu\u00e9e, le march\u00e9 automobile dans son ensemble a poursuivi sa chute en 2025. Avec 1 million 632 157 immatriculations, le recul a atteint 5% par rapport \u00e0 2024. Pourtant, dans ce marasme ambiant, les ventes de v\u00e9hicules \u00e9lectriques ont progress\u00e9 assez fortement (+12,5%). Un [\u2026] <a class=\"continue-reading-link\" href=\"https:\/\/www.evearly.news\/fr\/flottes-dentreprise-un-marche-cle-pour-lelectrique\/\"><\/a><\/p>\n","protected":false},"author":3,"featured_media":315774,"comment_status":"closed","ping_status":"open","sticky":false,"template":"Default","format":"standard","meta":{"footnotes":""},"categories":[3],"tags":[],"class_list":["post-315773","post","type-post","status-publish","format-standard","has-post-thumbnail","hentry","category-avem"],"_links":{"self":[{"href":"https:\/\/www.evearly.news\/fr\/wp-json\/wp\/v2\/posts\/315773","targetHints":{"allow":["GET"]}}],"collection":[{"href":"https:\/\/www.evearly.news\/fr\/wp-json\/wp\/v2\/posts"}],"about":[{"href":"https:\/\/www.evearly.news\/fr\/wp-json\/wp\/v2\/types\/post"}],"author":[{"embeddable":true,"href":"https:\/\/www.evearly.news\/fr\/wp-json\/wp\/v2\/users\/3"}],"replies":[{"embeddable":true,"href":"https:\/\/www.evearly.news\/fr\/wp-json\/wp\/v2\/comments?post=315773"}],"version-history":[{"count":0,"href":"https:\/\/www.evearly.news\/fr\/wp-json\/wp\/v2\/posts\/315773\/revisions"}],"wp:featuredmedia":[{"embeddable":true,"href":"https:\/\/www.evearly.news\/fr\/wp-json\/wp\/v2\/media\/315774"}],"wp:attachment":[{"href":"https:\/\/www.evearly.news\/fr\/wp-json\/wp\/v2\/media?parent=315773"}],"wp:term":[{"taxonomy":"category","embeddable":true,"href":"https:\/\/www.evearly.news\/fr\/wp-json\/wp\/v2\/categories?post=315773"},{"taxonomy":"post_tag","embeddable":true,"href":"https:\/\/www.evearly.news\/fr\/wp-json\/wp\/v2\/tags?post=315773"}],"curies":[{"name":"wp","href":"https:\/\/api.w.org\/{rel}","templated":true}]}}