{"id":315775,"date":"2026-01-22T09:24:20","date_gmt":"2026-01-22T08:24:20","guid":{"rendered":"https:\/\/www.evearly.news\/fr\/recharge-electrique-quels-sont-les-meilleurs-reseaux-en-france-en-2026-selon-chargemap\/"},"modified":"2026-01-22T09:24:20","modified_gmt":"2026-01-22T08:24:20","slug":"recharge-electrique-quels-sont-les-meilleurs-reseaux-en-france-en-2026-selon-chargemap","status":"publish","type":"post","link":"https:\/\/www.evearly.news\/fr\/recharge-electrique-quels-sont-les-meilleurs-reseaux-en-france-en-2026-selon-chargemap\/","title":{"rendered":"Recharge \u00e9lectrique : quels sont les meilleurs r\u00e9seaux en France en 2026 selon Chargemap ?"},"content":{"rendered":"<p><img decoding=\"async\" width=\"500\" height=\"333\" src=\"https:\/\/www.evearly.news\/fr\/wp-content\/uploads\/sites\/6\/2026\/01\/recharge-electrique-quels-sont-les-meilleurs-reseaux-en-france-en-2026-selon-chargemap.jpg\" class=\"attachment-1200x800 size-1200x800 wp-post-image\" alt=\"\" loading=\"lazy\" srcset=\"https:\/\/www.evearly.news\/fr\/wp-content\/uploads\/sites\/6\/2026\/01\/recharge-electrique-quels-sont-les-meilleurs-reseaux-en-france-en-2026-selon-chargemap.jpg 1680w, https:\/\/www.evearly.news\/fr\/wp-content\/uploads\/sites\/6\/2026\/01\/recharge-electrique-quels-sont-les-meilleurs-reseaux-en-france-en-2026-selon-chargemap-1.jpg 1640w, https:\/\/www.evearly.news\/fr\/wp-content\/uploads\/sites\/6\/2026\/01\/recharge-electrique-quels-sont-les-meilleurs-reseaux-en-france-en-2026-selon-chargemap-2.jpg 1024w, https:\/\/www.evearly.news\/fr\/wp-content\/uploads\/sites\/6\/2026\/01\/recharge-electrique-quels-sont-les-meilleurs-reseaux-en-france-en-2026-selon-chargemap-3.jpg 768w, https:\/\/www.evearly.news\/fr\/wp-content\/uploads\/sites\/6\/2026\/01\/recharge-electrique-quels-sont-les-meilleurs-reseaux-en-france-en-2026-selon-chargemap-4.jpg 1536w, https:\/\/www.evearly.news\/fr\/wp-content\/uploads\/sites\/6\/2026\/01\/recharge-electrique-quels-sont-les-meilleurs-reseaux-en-france-en-2026-selon-chargemap-5.jpg 623w, https:\/\/cdn.automobile-propre.com\/uploads\/2026\/01\/Classement-reseau-recharge-2026-Chargemap-4-3-960x720.jpg 960w\" sizes=\"auto, (max-width: 1067px) 100vw, 1067px\" \/><br \/>\nComme chaque ann\u00e9e, Chargemap publie son classement des meilleurs r\u00e9seaux de recharge en France, bas\u00e9 sur les retours d\u2019exp\u00e9rience de\u2026\u00a0<a href=https:\/\/www.automobile-propre.com\/articles\/recharge-electrique-quels-sont-les-meilleurs-reseaux-en-france-en-2026-selon-chargemap\/ target='bwindow'>Lire la suite&#8230;<\/a><\/p>\n","protected":false},"excerpt":{"rendered":"<p>&#8230; <a class=\"continue-reading-link\" href=\"https:\/\/www.evearly.news\/fr\/recharge-electrique-quels-sont-les-meilleurs-reseaux-en-france-en-2026-selon-chargemap\/\"><\/a><\/p>\n","protected":false},"author":8,"featured_media":315776,"comment_status":"closed","ping_status":"open","sticky":false,"template":"Default","format":"standard","meta":{"footnotes":""},"categories":[8],"tags":[],"class_list":["post-315775","post","type-post","status-publish","format-standard","has-post-thumbnail","hentry","category-automobile-propre"],"_links":{"self":[{"href":"https:\/\/www.evearly.news\/fr\/wp-json\/wp\/v2\/posts\/315775","targetHints":{"allow":["GET"]}}],"collection":[{"href":"https:\/\/www.evearly.news\/fr\/wp-json\/wp\/v2\/posts"}],"about":[{"href":"https:\/\/www.evearly.news\/fr\/wp-json\/wp\/v2\/types\/post"}],"author":[{"embeddable":true,"href":"https:\/\/www.evearly.news\/fr\/wp-json\/wp\/v2\/users\/8"}],"replies":[{"embeddable":true,"href":"https:\/\/www.evearly.news\/fr\/wp-json\/wp\/v2\/comments?post=315775"}],"version-history":[{"count":0,"href":"https:\/\/www.evearly.news\/fr\/wp-json\/wp\/v2\/posts\/315775\/revisions"}],"wp:featuredmedia":[{"embeddable":true,"href":"https:\/\/www.evearly.news\/fr\/wp-json\/wp\/v2\/media\/315776"}],"wp:attachment":[{"href":"https:\/\/www.evearly.news\/fr\/wp-json\/wp\/v2\/media?parent=315775"}],"wp:term":[{"taxonomy":"category","embeddable":true,"href":"https:\/\/www.evearly.news\/fr\/wp-json\/wp\/v2\/categories?post=315775"},{"taxonomy":"post_tag","embeddable":true,"href":"https:\/\/www.evearly.news\/fr\/wp-json\/wp\/v2\/tags?post=315775"}],"curies":[{"name":"wp","href":"https:\/\/api.w.org\/{rel}","templated":true}]}}