{"id":315779,"date":"2026-01-22T09:53:27","date_gmt":"2026-01-22T08:53:27","guid":{"rendered":"https:\/\/www.evearly.news\/fr\/le-volvo-ex60-electrique-aux-810-km-dautonomie-recoit-deja-une-nouvelle-version-pour-trainer-dans-la-boue\/"},"modified":"2026-01-22T09:53:27","modified_gmt":"2026-01-22T08:53:27","slug":"le-volvo-ex60-electrique-aux-810-km-dautonomie-recoit-deja-une-nouvelle-version-pour-trainer-dans-la-boue","status":"publish","type":"post","link":"https:\/\/www.evearly.news\/fr\/le-volvo-ex60-electrique-aux-810-km-dautonomie-recoit-deja-une-nouvelle-version-pour-trainer-dans-la-boue\/","title":{"rendered":"Le Volvo EX60 \u00e9lectrique aux 810 km d\u2019autonomie re\u00e7oit d\u00e9j\u00e0 une nouvelle version pour tra\u00eener dans la boue"},"content":{"rendered":"<p><img width=\"1200\" height=\"675\" src=\"https:\/\/www.evearly.news\/fr\/wp-content\/uploads\/sites\/6\/2026\/01\/le-volvo-ex60-electrique-aux-810-km-dautonomie-recoit-deja-une-nouvelle-version-pour-trainer-dans-la-boue.jpg\" class=\"attachment-full size-full wp-post-image\" alt=\"\" decoding=\"async\" loading=\"lazy\" \/<br \/>\nTout juste d\u00e9voil\u00e9, le nouveau Volvo EX60 se d\u00e9cline \u00e9galement en une version Cross Country au look plus baroudeur. Mais sous le capot, la fiche technique de la voiture \u00e9lectrique ne change pas.<br \/>\n <a href=https:\/\/www.frandroid.com\/marques\/volvo\/2951377_le-volvo-ex60-electrique-aux-810-km-dautonomie-recoit-deja-une-nouvelle-version-pour-trainer-dans-la-boue target='blank'>Lire la suite&#8230;<\/a><\/p>\n","protected":false},"excerpt":{"rendered":"<p>&lt;img width=&quot;1200&quot; height=&quot;675&quot; src=&quot;https:\/\/www.evearly.news\/fr\/wp-content\/uploads\/sites\/6\/2026\/01\/le-volvo-ex60-electrique-aux-810-km-dautonomie-recoit-deja-une-nouvelle-version-pour-trainer-dans-la-boue.jpg&quot; class=&quot;attachment-full size-full wp-post-image&quot; alt=&quot;&quot; decoding=&quot;async&quot; loading=&quot;lazy&quot; \/<br \/>\nTout juste d\u00e9voil\u00e9, le nouveau Volvo EX60 se d\u00e9cline \u00e9galement en une version Cross Country au look plus baroudeur. Mais sous le capot, la fiche technique de la voiture \u00e9lectrique ne change pas.\n<\/p>\n<p> <a class=\"continue-reading-link\" href=\"https:\/\/www.evearly.news\/fr\/le-volvo-ex60-electrique-aux-810-km-dautonomie-recoit-deja-une-nouvelle-version-pour-trainer-dans-la-boue\/\"><\/a><\/p>\n","protected":false},"author":6,"featured_media":315780,"comment_status":"closed","ping_status":"open","sticky":false,"template":"Default","format":"standard","meta":{"footnotes":""},"categories":[14],"tags":[],"class_list":["post-315779","post","type-post","status-publish","format-standard","has-post-thumbnail","hentry","category-frandroid"],"_links":{"self":[{"href":"https:\/\/www.evearly.news\/fr\/wp-json\/wp\/v2\/posts\/315779","targetHints":{"allow":["GET"]}}],"collection":[{"href":"https:\/\/www.evearly.news\/fr\/wp-json\/wp\/v2\/posts"}],"about":[{"href":"https:\/\/www.evearly.news\/fr\/wp-json\/wp\/v2\/types\/post"}],"author":[{"embeddable":true,"href":"https:\/\/www.evearly.news\/fr\/wp-json\/wp\/v2\/users\/6"}],"replies":[{"embeddable":true,"href":"https:\/\/www.evearly.news\/fr\/wp-json\/wp\/v2\/comments?post=315779"}],"version-history":[{"count":0,"href":"https:\/\/www.evearly.news\/fr\/wp-json\/wp\/v2\/posts\/315779\/revisions"}],"wp:featuredmedia":[{"embeddable":true,"href":"https:\/\/www.evearly.news\/fr\/wp-json\/wp\/v2\/media\/315780"}],"wp:attachment":[{"href":"https:\/\/www.evearly.news\/fr\/wp-json\/wp\/v2\/media?parent=315779"}],"wp:term":[{"taxonomy":"category","embeddable":true,"href":"https:\/\/www.evearly.news\/fr\/wp-json\/wp\/v2\/categories?post=315779"},{"taxonomy":"post_tag","embeddable":true,"href":"https:\/\/www.evearly.news\/fr\/wp-json\/wp\/v2\/tags?post=315779"}],"curies":[{"name":"wp","href":"https:\/\/api.w.org\/{rel}","templated":true}]}}