{"id":315789,"date":"2026-01-22T11:50:06","date_gmt":"2026-01-22T10:50:06","guid":{"rendered":"https:\/\/www.evearly.news\/fr\/tesla-battu-par-un-petit-nouveau-comment-decathlon-sinvite-dans-les-reseaux-de-recharge-preferes-des-francais\/"},"modified":"2026-01-22T11:50:06","modified_gmt":"2026-01-22T10:50:06","slug":"tesla-battu-par-un-petit-nouveau-comment-decathlon-sinvite-dans-les-reseaux-de-recharge-preferes-des-francais","status":"publish","type":"post","link":"https:\/\/www.evearly.news\/fr\/tesla-battu-par-un-petit-nouveau-comment-decathlon-sinvite-dans-les-reseaux-de-recharge-preferes-des-francais\/","title":{"rendered":"Tesla battu par un petit nouveau : comment Decathlon s\u2019invite dans les r\u00e9seaux de recharge pr\u00e9f\u00e9r\u00e9s des Fran\u00e7ais"},"content":{"rendered":"<p><img loading=\"lazy\" width=\"1200\" height=\"675\" src=\"https:\/\/www.evearly.news\/fr\/wp-content\/uploads\/sites\/6\/2026\/01\/tesla-battu-par-un-petit-nouveau-comment-decathlon-sinvite-dans-les-reseaux-de-recharge-preferes-des-francais.jpg\" class=\"attachment-full size-full wp-post-image\" alt=\"\" decoding=\"async\" \/<br \/>\nQuel est le meilleur r\u00e9seau de bornes de charge en France\u00a0? C\u2019est ce qu\u2019a voulu savoir Chargemap, qui publie les r\u00e9sultats de sa grande \u00e9tude. Verdict : c&rsquo;est une jeune entreprise tricolore qui a le plus s\u00e9duit les propri\u00e9taires de voitures \u00e9lectriques.<br \/>\n <a href=https:\/\/www.frandroid.com\/survoltes\/voitures-electriques\/2951601_tesla-battu-par-un-petit-nouveau-comment-decathlon-sinvite-dans-les-reseaux-de-recharge-preferes-des-francais target='blank'>Lire la suite&#8230;<\/a><\/p>\n","protected":false},"excerpt":{"rendered":"<p>&lt;img width=&quot;1200&quot; height=&quot;675&quot; src=&quot;https:\/\/www.evearly.news\/fr\/wp-content\/uploads\/sites\/6\/2026\/01\/tesla-battu-par-un-petit-nouveau-comment-decathlon-sinvite-dans-les-reseaux-de-recharge-preferes-des-francais.jpg&quot; class=&quot;attachment-full size-full wp-post-image&quot; alt=&quot;&quot; decoding=&quot;async&quot; \/<br \/>\nQuel est le meilleur r\u00e9seau de bornes de charge en France\u00a0? C\u2019est ce qu\u2019a voulu savoir Chargemap, qui publie les r\u00e9sultats de sa grande \u00e9tude. Verdict : c&rsquo;est une jeune entreprise tricolore qui a le plus s\u00e9duit les propri\u00e9taires de voitures \u00e9lectriques.\n<\/p>\n<p> <a class=\"continue-reading-link\" href=\"https:\/\/www.evearly.news\/fr\/tesla-battu-par-un-petit-nouveau-comment-decathlon-sinvite-dans-les-reseaux-de-recharge-preferes-des-francais\/\"><\/a><\/p>\n","protected":false},"author":6,"featured_media":315790,"comment_status":"closed","ping_status":"open","sticky":false,"template":"Default","format":"standard","meta":{"footnotes":""},"categories":[14],"tags":[],"class_list":["post-315789","post","type-post","status-publish","format-standard","has-post-thumbnail","hentry","category-frandroid"],"_links":{"self":[{"href":"https:\/\/www.evearly.news\/fr\/wp-json\/wp\/v2\/posts\/315789","targetHints":{"allow":["GET"]}}],"collection":[{"href":"https:\/\/www.evearly.news\/fr\/wp-json\/wp\/v2\/posts"}],"about":[{"href":"https:\/\/www.evearly.news\/fr\/wp-json\/wp\/v2\/types\/post"}],"author":[{"embeddable":true,"href":"https:\/\/www.evearly.news\/fr\/wp-json\/wp\/v2\/users\/6"}],"replies":[{"embeddable":true,"href":"https:\/\/www.evearly.news\/fr\/wp-json\/wp\/v2\/comments?post=315789"}],"version-history":[{"count":0,"href":"https:\/\/www.evearly.news\/fr\/wp-json\/wp\/v2\/posts\/315789\/revisions"}],"wp:featuredmedia":[{"embeddable":true,"href":"https:\/\/www.evearly.news\/fr\/wp-json\/wp\/v2\/media\/315790"}],"wp:attachment":[{"href":"https:\/\/www.evearly.news\/fr\/wp-json\/wp\/v2\/media?parent=315789"}],"wp:term":[{"taxonomy":"category","embeddable":true,"href":"https:\/\/www.evearly.news\/fr\/wp-json\/wp\/v2\/categories?post=315789"},{"taxonomy":"post_tag","embeddable":true,"href":"https:\/\/www.evearly.news\/fr\/wp-json\/wp\/v2\/tags?post=315789"}],"curies":[{"name":"wp","href":"https:\/\/api.w.org\/{rel}","templated":true}]}}