{"id":315795,"date":"2026-01-22T12:50:05","date_gmt":"2026-01-22T11:50:05","guid":{"rendered":"https:\/\/www.evearly.news\/fr\/la-future-hyundai-ioniq-3-communique-enfin-sa-date-de-revelation\/"},"modified":"2026-01-22T12:50:05","modified_gmt":"2026-01-22T11:50:05","slug":"la-future-hyundai-ioniq-3-communique-enfin-sa-date-de-revelation","status":"publish","type":"post","link":"https:\/\/www.evearly.news\/fr\/la-future-hyundai-ioniq-3-communique-enfin-sa-date-de-revelation\/","title":{"rendered":"La future Hyundai Ioniq 3 communique enfin sa date de r\u00e9v\u00e9lation"},"content":{"rendered":"<p><img decoding=\"async\" src=\"https:\/\/www.evearly.news\/fr\/wp-content\/uploads\/sites\/6\/2026\/01\/la-future-hyundai-ioniq-3-communique-enfin-sa-date-de-revelation.webp\" alt=\"auto-moto\"><br \/>L\u2019\u00e9tude Hyundai Concept Three r\u00e9v\u00e9l\u00e9e en septembre dernier au salon de Munich accouchera bel et bien de la future Hyundai Ioniq 3, tr\u00e8s bient\u00f4t. <a href=https:\/\/www.auto-moto.com\/berline-compacte\/la-future-hyundai-ioniq-3-communique-enfin-sa-date-de-revelation-68585 target=blank>Lire la suite&#8230;<\/a><\/p>\n","protected":false},"excerpt":{"rendered":"<p>L\u2019\u00e9tude Hyundai Concept Three r\u00e9v\u00e9l\u00e9e en septembre dernier au salon de Munich accouchera bel et bien de la future Hyundai Ioniq 3, tr\u00e8s bient\u00f4t&#8230;. <a class=\"continue-reading-link\" href=\"https:\/\/www.evearly.news\/fr\/la-future-hyundai-ioniq-3-communique-enfin-sa-date-de-revelation\/\"><\/a><\/p>\n","protected":false},"author":9,"featured_media":315796,"comment_status":"closed","ping_status":"open","sticky":false,"template":"Default","format":"standard","meta":{"footnotes":""},"categories":[10],"tags":[],"class_list":["post-315795","post","type-post","status-publish","format-standard","has-post-thumbnail","hentry","category-auto-moto-com"],"_links":{"self":[{"href":"https:\/\/www.evearly.news\/fr\/wp-json\/wp\/v2\/posts\/315795","targetHints":{"allow":["GET"]}}],"collection":[{"href":"https:\/\/www.evearly.news\/fr\/wp-json\/wp\/v2\/posts"}],"about":[{"href":"https:\/\/www.evearly.news\/fr\/wp-json\/wp\/v2\/types\/post"}],"author":[{"embeddable":true,"href":"https:\/\/www.evearly.news\/fr\/wp-json\/wp\/v2\/users\/9"}],"replies":[{"embeddable":true,"href":"https:\/\/www.evearly.news\/fr\/wp-json\/wp\/v2\/comments?post=315795"}],"version-history":[{"count":0,"href":"https:\/\/www.evearly.news\/fr\/wp-json\/wp\/v2\/posts\/315795\/revisions"}],"wp:featuredmedia":[{"embeddable":true,"href":"https:\/\/www.evearly.news\/fr\/wp-json\/wp\/v2\/media\/315796"}],"wp:attachment":[{"href":"https:\/\/www.evearly.news\/fr\/wp-json\/wp\/v2\/media?parent=315795"}],"wp:term":[{"taxonomy":"category","embeddable":true,"href":"https:\/\/www.evearly.news\/fr\/wp-json\/wp\/v2\/categories?post=315795"},{"taxonomy":"post_tag","embeddable":true,"href":"https:\/\/www.evearly.news\/fr\/wp-json\/wp\/v2\/tags?post=315795"}],"curies":[{"name":"wp","href":"https:\/\/api.w.org\/{rel}","templated":true}]}}