{"id":315801,"date":"2026-01-22T14:52:28","date_gmt":"2026-01-22T13:52:28","guid":{"rendered":"https:\/\/www.evearly.news\/fr\/usine-tesla-a-berlin-1-700-postes-ont-discretement-ete-supprimes-lannee-derniere\/"},"modified":"2026-01-22T14:52:28","modified_gmt":"2026-01-22T13:52:28","slug":"usine-tesla-a-berlin-1-700-postes-ont-discretement-ete-supprimes-lannee-derniere","status":"publish","type":"post","link":"https:\/\/www.evearly.news\/fr\/usine-tesla-a-berlin-1-700-postes-ont-discretement-ete-supprimes-lannee-derniere\/","title":{"rendered":"Usine Tesla \u00e0 Berlin : 1 700 postes ont discr\u00e8tement \u00e9t\u00e9 supprim\u00e9s l\u2019ann\u00e9e derni\u00e8re"},"content":{"rendered":"<p><img loading=\"lazy\" decoding=\"async\" width=\"500\" height=\"333\" src=\"https:\/\/www.evearly.news\/fr\/wp-content\/uploads\/sites\/6\/2026\/01\/usine-tesla-a-berlin-1-700-postes-ont-discretement-ete-supprimes-lannee-derniere.jpg\" class=\"attachment-1200x800 size-1200x800 wp-post-image\" alt=\"\" srcset=\"https:\/\/www.evearly.news\/fr\/wp-content\/uploads\/sites\/6\/2026\/01\/usine-tesla-a-berlin-1-700-postes-ont-discretement-ete-supprimes-lannee-derniere.jpg 1920w, https:\/\/www.evearly.news\/fr\/wp-content\/uploads\/sites\/6\/2026\/01\/usine-tesla-a-berlin-1-700-postes-ont-discretement-ete-supprimes-lannee-derniere-1.jpg 1640w, https:\/\/www.evearly.news\/fr\/wp-content\/uploads\/sites\/6\/2026\/01\/usine-tesla-a-berlin-1-700-postes-ont-discretement-ete-supprimes-lannee-derniere-2.jpg 1024w, https:\/\/www.evearly.news\/fr\/wp-content\/uploads\/sites\/6\/2026\/01\/usine-tesla-a-berlin-1-700-postes-ont-discretement-ete-supprimes-lannee-derniere-3.jpg 768w, https:\/\/www.evearly.news\/fr\/wp-content\/uploads\/sites\/6\/2026\/01\/usine-tesla-a-berlin-1-700-postes-ont-discretement-ete-supprimes-lannee-derniere-4.jpg 1536w, https:\/\/www.evearly.news\/fr\/wp-content\/uploads\/sites\/6\/2026\/01\/usine-tesla-a-berlin-1-700-postes-ont-discretement-ete-supprimes-lannee-derniere-5.jpg 637w, https:\/\/cdn.automobile-propre.com\/uploads\/2026\/01\/tesla-berlin-1-960x704.jpeg 960w\" sizes=\"auto, (max-width: 1091px) 100vw, 1091px\" \/><br \/>\nLes ventes de Tesla en Europe ont plong\u00e9. \u00c0 tel point que le constructeur allemand aurait supprim\u00e9 1 700 postes \u00e0 Berlin en 2025, dans le plus grand des silences.\u00a0<a href=https:\/\/www.automobile-propre.com\/breves\/usine-tesla-a-berlin-1-700-postes-ont-discretement-ete-supprimes-lannee-derniere\/ target='bwindow'>Lire la suite&#8230;<\/a><\/p>\n","protected":false},"excerpt":{"rendered":"<p>&#8230; <a class=\"continue-reading-link\" href=\"https:\/\/www.evearly.news\/fr\/usine-tesla-a-berlin-1-700-postes-ont-discretement-ete-supprimes-lannee-derniere\/\"><\/a><\/p>\n","protected":false},"author":8,"featured_media":315802,"comment_status":"closed","ping_status":"open","sticky":false,"template":"Default","format":"standard","meta":{"footnotes":""},"categories":[8],"tags":[],"class_list":["post-315801","post","type-post","status-publish","format-standard","has-post-thumbnail","hentry","category-automobile-propre"],"_links":{"self":[{"href":"https:\/\/www.evearly.news\/fr\/wp-json\/wp\/v2\/posts\/315801","targetHints":{"allow":["GET"]}}],"collection":[{"href":"https:\/\/www.evearly.news\/fr\/wp-json\/wp\/v2\/posts"}],"about":[{"href":"https:\/\/www.evearly.news\/fr\/wp-json\/wp\/v2\/types\/post"}],"author":[{"embeddable":true,"href":"https:\/\/www.evearly.news\/fr\/wp-json\/wp\/v2\/users\/8"}],"replies":[{"embeddable":true,"href":"https:\/\/www.evearly.news\/fr\/wp-json\/wp\/v2\/comments?post=315801"}],"version-history":[{"count":0,"href":"https:\/\/www.evearly.news\/fr\/wp-json\/wp\/v2\/posts\/315801\/revisions"}],"wp:featuredmedia":[{"embeddable":true,"href":"https:\/\/www.evearly.news\/fr\/wp-json\/wp\/v2\/media\/315802"}],"wp:attachment":[{"href":"https:\/\/www.evearly.news\/fr\/wp-json\/wp\/v2\/media?parent=315801"}],"wp:term":[{"taxonomy":"category","embeddable":true,"href":"https:\/\/www.evearly.news\/fr\/wp-json\/wp\/v2\/categories?post=315801"},{"taxonomy":"post_tag","embeddable":true,"href":"https:\/\/www.evearly.news\/fr\/wp-json\/wp\/v2\/tags?post=315801"}],"curies":[{"name":"wp","href":"https:\/\/api.w.org\/{rel}","templated":true}]}}