{"id":315811,"date":"2026-01-22T16:52:04","date_gmt":"2026-01-22T15:52:04","guid":{"rendered":"https:\/\/www.evearly.news\/fr\/meme-avec-une-batterie-xxl-ce-camion-electrique-va-se-recharger-aussi-vite-quune-voiture\/"},"modified":"2026-01-22T16:52:04","modified_gmt":"2026-01-22T15:52:04","slug":"meme-avec-une-batterie-xxl-ce-camion-electrique-va-se-recharger-aussi-vite-quune-voiture","status":"publish","type":"post","link":"https:\/\/www.evearly.news\/fr\/meme-avec-une-batterie-xxl-ce-camion-electrique-va-se-recharger-aussi-vite-quune-voiture\/","title":{"rendered":"M\u00eame avec une batterie XXL, ce camion \u00e9lectrique va se recharger aussi vite qu\u2019une voiture"},"content":{"rendered":"<p><img loading=\"lazy\" decoding=\"async\" width=\"500\" height=\"333\" src=\"https:\/\/www.evearly.news\/fr\/wp-content\/uploads\/sites\/6\/2026\/01\/meme-avec-une-batterie-xxl-ce-camion-electrique-va-se-recharger-aussi-vite-quune-voiture.jpg\" class=\"attachment-1200x800 size-1200x800 wp-post-image\" alt=\"\" srcset=\"https:\/\/www.evearly.news\/fr\/wp-content\/uploads\/sites\/6\/2026\/01\/meme-avec-une-batterie-xxl-ce-camion-electrique-va-se-recharger-aussi-vite-quune-voiture.jpg 1536w, https:\/\/www.evearly.news\/fr\/wp-content\/uploads\/sites\/6\/2026\/01\/meme-avec-une-batterie-xxl-ce-camion-electrique-va-se-recharger-aussi-vite-quune-voiture-1.jpg 1640w, https:\/\/www.evearly.news\/fr\/wp-content\/uploads\/sites\/6\/2026\/01\/meme-avec-une-batterie-xxl-ce-camion-electrique-va-se-recharger-aussi-vite-quune-voiture-2.jpg 1024w, https:\/\/www.evearly.news\/fr\/wp-content\/uploads\/sites\/6\/2026\/01\/meme-avec-une-batterie-xxl-ce-camion-electrique-va-se-recharger-aussi-vite-quune-voiture-3.jpg 140w, https:\/\/www.evearly.news\/fr\/wp-content\/uploads\/sites\/6\/2026\/01\/meme-avec-une-batterie-xxl-ce-camion-electrique-va-se-recharger-aussi-vite-quune-voiture-4.jpg 768w, https:\/\/www.evearly.news\/fr\/wp-content\/uploads\/sites\/6\/2026\/01\/meme-avec-une-batterie-xxl-ce-camion-electrique-va-se-recharger-aussi-vite-quune-voiture-5.jpg 2048w, https:\/\/www.evearly.news\/fr\/wp-content\/uploads\/sites\/6\/2026\/01\/meme-avec-une-batterie-xxl-ce-camion-electrique-va-se-recharger-aussi-vite-quune-voiture-6.jpg 700w, https:\/\/www.evearly.news\/fr\/wp-content\/uploads\/sites\/6\/2026\/01\/meme-avec-une-batterie-xxl-ce-camion-electrique-va-se-recharger-aussi-vite-quune-voiture-7.jpg 960w, https:\/\/cdn.automobile-propre.com\/uploads\/2026\/01\/26DT002_001-100x66.jpg 100w\" sizes=\"auto, (max-width: 1200px) 100vw, 1200px\" \/><br \/>\nMercedes teste la norme Megawatt Charging System (MCS) avec ses camions \u00e9lectriques. La marque allemande organise un essai en conditions r\u00e9elles sur un parcours de 2 400 km pour relier l&rsquo;Allemagne \u00e0 la Su\u00e8de.\u00a0<a href=https:\/\/www.automobile-propre.com\/breves\/une-recharge-de-20-a-80-en-seulement-30-minutes-pour-les-camions-electriques-de-mercedes\/ target='bwindow'>Lire la suite&#8230;<\/a><\/p>\n","protected":false},"excerpt":{"rendered":"<p>&#8230; <a class=\"continue-reading-link\" href=\"https:\/\/www.evearly.news\/fr\/meme-avec-une-batterie-xxl-ce-camion-electrique-va-se-recharger-aussi-vite-quune-voiture\/\"><\/a><\/p>\n","protected":false},"author":8,"featured_media":315812,"comment_status":"closed","ping_status":"open","sticky":false,"template":"Default","format":"standard","meta":{"footnotes":""},"categories":[8],"tags":[],"class_list":["post-315811","post","type-post","status-publish","format-standard","has-post-thumbnail","hentry","category-automobile-propre"],"_links":{"self":[{"href":"https:\/\/www.evearly.news\/fr\/wp-json\/wp\/v2\/posts\/315811","targetHints":{"allow":["GET"]}}],"collection":[{"href":"https:\/\/www.evearly.news\/fr\/wp-json\/wp\/v2\/posts"}],"about":[{"href":"https:\/\/www.evearly.news\/fr\/wp-json\/wp\/v2\/types\/post"}],"author":[{"embeddable":true,"href":"https:\/\/www.evearly.news\/fr\/wp-json\/wp\/v2\/users\/8"}],"replies":[{"embeddable":true,"href":"https:\/\/www.evearly.news\/fr\/wp-json\/wp\/v2\/comments?post=315811"}],"version-history":[{"count":0,"href":"https:\/\/www.evearly.news\/fr\/wp-json\/wp\/v2\/posts\/315811\/revisions"}],"wp:featuredmedia":[{"embeddable":true,"href":"https:\/\/www.evearly.news\/fr\/wp-json\/wp\/v2\/media\/315812"}],"wp:attachment":[{"href":"https:\/\/www.evearly.news\/fr\/wp-json\/wp\/v2\/media?parent=315811"}],"wp:term":[{"taxonomy":"category","embeddable":true,"href":"https:\/\/www.evearly.news\/fr\/wp-json\/wp\/v2\/categories?post=315811"},{"taxonomy":"post_tag","embeddable":true,"href":"https:\/\/www.evearly.news\/fr\/wp-json\/wp\/v2\/tags?post=315811"}],"curies":[{"name":"wp","href":"https:\/\/api.w.org\/{rel}","templated":true}]}}