{"id":315817,"date":"2026-01-22T18:20:16","date_gmt":"2026-01-22T17:20:16","guid":{"rendered":"https:\/\/www.evearly.news\/fr\/actualite-cest-la-fin-de-lere-tesla-en-europe-les-chiffres-de-2025-sacrent-volkswagen-vainqueur\/"},"modified":"2026-01-22T18:20:16","modified_gmt":"2026-01-22T17:20:16","slug":"actualite-cest-la-fin-de-lere-tesla-en-europe-les-chiffres-de-2025-sacrent-volkswagen-vainqueur","status":"publish","type":"post","link":"https:\/\/www.evearly.news\/fr\/actualite-cest-la-fin-de-lere-tesla-en-europe-les-chiffres-de-2025-sacrent-volkswagen-vainqueur\/","title":{"rendered":"Actualit\u00e9 : C&rsquo;est la fin de l&rsquo;\u00e8re Tesla en Europe\u00a0: les chiffres de 2025 sacrent Volkswagen vainqueur"},"content":{"rendered":"<p><img src='https:\/\/www.evearly.news\/fr\/wp-content\/uploads\/sites\/6\/2026\/01\/actualite-cest-la-fin-de-lere-tesla-en-europe-les-chiffres-de-2025-sacrent-volkswagen-vainqueur.jpg' alt='Les Num\u00e9riques' \/>Le constructeur allemand s&#8217;empare de la premi\u00e8re place avec 274 417 v\u00e9hicules \u00e9lectriques vendus en 2025, rel\u00e9guant l&rsquo;Am\u00e9ricain \u00e0 238 765 unit\u00e9s. Une victoire qui cl\u00f4t l&rsquo;h\u00e9g\u00e9monie californienne et couronne vingt ans de domination europ\u00e9enne. <a href=https:\/\/www.lesnumeriques.com\/voiture-electrique\/c-est-la-fin-de-l-ere-tesla-en-europe-les-chiffres-de-2025-sacrent-volkswagen-vainqueur-n250325.html target='bwindow'>Lire la suite&#8230;<\/a><\/p>\n","protected":false},"excerpt":{"rendered":"<p>Le constructeur allemand s&#8217;empare de la premi\u00e8re place avec 274 417 v\u00e9hicules \u00e9lectriques vendus en 2025, rel\u00e9guant l&rsquo;Am\u00e9ricain \u00e0 238 765 unit\u00e9s. Une victoire qui cl\u00f4t l&rsquo;h\u00e9g\u00e9monie californienne et couronne vingt&#8230; <a class=\"continue-reading-link\" href=\"https:\/\/www.evearly.news\/fr\/actualite-cest-la-fin-de-lere-tesla-en-europe-les-chiffres-de-2025-sacrent-volkswagen-vainqueur\/\"><\/a><\/p>\n","protected":false},"author":15,"featured_media":315819,"comment_status":"closed","ping_status":"open","sticky":false,"template":"Default","format":"standard","meta":{"footnotes":""},"categories":[16],"tags":[],"class_list":["post-315817","post","type-post","status-publish","format-standard","has-post-thumbnail","hentry","category-lesnumeriques"],"_links":{"self":[{"href":"https:\/\/www.evearly.news\/fr\/wp-json\/wp\/v2\/posts\/315817","targetHints":{"allow":["GET"]}}],"collection":[{"href":"https:\/\/www.evearly.news\/fr\/wp-json\/wp\/v2\/posts"}],"about":[{"href":"https:\/\/www.evearly.news\/fr\/wp-json\/wp\/v2\/types\/post"}],"author":[{"embeddable":true,"href":"https:\/\/www.evearly.news\/fr\/wp-json\/wp\/v2\/users\/15"}],"replies":[{"embeddable":true,"href":"https:\/\/www.evearly.news\/fr\/wp-json\/wp\/v2\/comments?post=315817"}],"version-history":[{"count":0,"href":"https:\/\/www.evearly.news\/fr\/wp-json\/wp\/v2\/posts\/315817\/revisions"}],"wp:featuredmedia":[{"embeddable":true,"href":"https:\/\/www.evearly.news\/fr\/wp-json\/wp\/v2\/media\/315819"}],"wp:attachment":[{"href":"https:\/\/www.evearly.news\/fr\/wp-json\/wp\/v2\/media?parent=315817"}],"wp:term":[{"taxonomy":"category","embeddable":true,"href":"https:\/\/www.evearly.news\/fr\/wp-json\/wp\/v2\/categories?post=315817"},{"taxonomy":"post_tag","embeddable":true,"href":"https:\/\/www.evearly.news\/fr\/wp-json\/wp\/v2\/tags?post=315817"}],"curies":[{"name":"wp","href":"https:\/\/api.w.org\/{rel}","templated":true}]}}