{"id":315827,"date":"2026-01-22T19:29:31","date_gmt":"2026-01-22T18:29:31","guid":{"rendered":"https:\/\/www.evearly.news\/fr\/pourquoi-renault-met-fin-a-ampere-sa-filiale-100-electrique\/"},"modified":"2026-01-22T19:29:31","modified_gmt":"2026-01-22T18:29:31","slug":"pourquoi-renault-met-fin-a-ampere-sa-filiale-100-electrique","status":"publish","type":"post","link":"https:\/\/www.evearly.news\/fr\/pourquoi-renault-met-fin-a-ampere-sa-filiale-100-electrique\/","title":{"rendered":"Pourquoi Renault met fin \u00e0 Ampere, sa filiale 100\u00a0% \u00e9lectrique\u00a0?"},"content":{"rendered":"<p><img loading=\"lazy\" width=\"1920\" height=\"1280\" src=\"https:\/\/www.evearly.news\/fr\/wp-content\/uploads\/sites\/6\/2026\/01\/pourquoi-renault-met-fin-a-ampere-sa-filiale-100-electrique.jpg\" class=\"attachment-full size-full wp-post-image\" alt=\"Renault twingo 2026 arriere\" decoding=\"async\" srcset=\"https:\/\/www.evearly.news\/fr\/wp-content\/uploads\/sites\/6\/2026\/01\/pourquoi-renault-met-fin-a-ampere-sa-filiale-100-electrique.jpg 1920w, https:\/\/www.evearly.news\/fr\/wp-content\/uploads\/sites\/6\/2026\/01\/pourquoi-renault-met-fin-a-ampere-sa-filiale-100-electrique-1.jpg 384w, https:\/\/www.evearly.news\/fr\/wp-content\/uploads\/sites\/6\/2026\/01\/pourquoi-renault-met-fin-a-ampere-sa-filiale-100-electrique-2.jpg 880w, https:\/\/www.evearly.news\/fr\/wp-content\/uploads\/sites\/6\/2026\/01\/pourquoi-renault-met-fin-a-ampere-sa-filiale-100-electrique-3.jpg 50w, https:\/\/www.evearly.news\/fr\/wp-content\/uploads\/sites\/6\/2026\/01\/pourquoi-renault-met-fin-a-ampere-sa-filiale-100-electrique-4.jpg 640w, https:\/\/www.evearly.news\/fr\/wp-content\/uploads\/sites\/6\/2026\/01\/pourquoi-renault-met-fin-a-ampere-sa-filiale-100-electrique-5.jpg 1280w, https:\/\/www.presse-citron.net\/app\/uploads\/2025\/11\/renault-twingo-2026-arriere-1632x1088.jpg 1632w\" sizes=\"auto, (max-width: 1920px) 100vw, 1920px\"><\/p>\n<p>Renault a d\u00e9cid\u00e9 de mettre un terme \u00e0 Ampere, son entit\u00e9 d\u00e9di\u00e9e aux v\u00e9hicules \u00e9lectriques et aux logiciels. Une d\u00e9cision prise sous l\u2019impulsion de son nouveau PDG, Fran\u00e7ois Provost. Que va devenir cette structure cens\u00e9e incarner l\u2019avenir \u00e9lectrique du groupe ?<a href=\"https:\/\/www.presse-citron.net\/pourquoi-renault-fin-ampere-filiale-electrique\/\" target=blank> Lire la suite&#8230;<\/a><\/p>\n","protected":false},"excerpt":{"rendered":"<p>Renault a d\u00e9cid\u00e9 de mettre un terme \u00e0 Ampere, son entit\u00e9 d\u00e9di\u00e9e aux v\u00e9hicules \u00e9lectriques et aux logiciels. Une d\u00e9cision prise sous l\u2019impulsion de son nouveau PDG, Fran\u00e7ois Provost. Que va devenir cette structure cens\u00e9e incarner l\u2019avenir \u00e9lectrique du groupe ?&#8230; <a class=\"continue-reading-link\" href=\"https:\/\/www.evearly.news\/fr\/pourquoi-renault-met-fin-a-ampere-sa-filiale-100-electrique\/\"><\/a><\/p>\n","protected":false},"author":18,"featured_media":315828,"comment_status":"closed","ping_status":"open","sticky":false,"template":"Default","format":"standard","meta":{"footnotes":""},"categories":[19],"tags":[],"class_list":["post-315827","post","type-post","status-publish","format-standard","has-post-thumbnail","hentry","category-presse-citron"],"_links":{"self":[{"href":"https:\/\/www.evearly.news\/fr\/wp-json\/wp\/v2\/posts\/315827","targetHints":{"allow":["GET"]}}],"collection":[{"href":"https:\/\/www.evearly.news\/fr\/wp-json\/wp\/v2\/posts"}],"about":[{"href":"https:\/\/www.evearly.news\/fr\/wp-json\/wp\/v2\/types\/post"}],"author":[{"embeddable":true,"href":"https:\/\/www.evearly.news\/fr\/wp-json\/wp\/v2\/users\/18"}],"replies":[{"embeddable":true,"href":"https:\/\/www.evearly.news\/fr\/wp-json\/wp\/v2\/comments?post=315827"}],"version-history":[{"count":0,"href":"https:\/\/www.evearly.news\/fr\/wp-json\/wp\/v2\/posts\/315827\/revisions"}],"wp:featuredmedia":[{"embeddable":true,"href":"https:\/\/www.evearly.news\/fr\/wp-json\/wp\/v2\/media\/315828"}],"wp:attachment":[{"href":"https:\/\/www.evearly.news\/fr\/wp-json\/wp\/v2\/media?parent=315827"}],"wp:term":[{"taxonomy":"category","embeddable":true,"href":"https:\/\/www.evearly.news\/fr\/wp-json\/wp\/v2\/categories?post=315827"},{"taxonomy":"post_tag","embeddable":true,"href":"https:\/\/www.evearly.news\/fr\/wp-json\/wp\/v2\/tags?post=315827"}],"curies":[{"name":"wp","href":"https:\/\/api.w.org\/{rel}","templated":true}]}}