{"id":315829,"date":"2026-01-22T20:03:59","date_gmt":"2026-01-22T19:03:59","guid":{"rendered":"https:\/\/www.evearly.news\/fr\/dacia-spring-a-5-900-euros-voici-comment-ce-pays-casse-le-prix-de-la-voiture-electrique\/"},"modified":"2026-01-22T20:03:59","modified_gmt":"2026-01-22T19:03:59","slug":"dacia-spring-a-5-900-euros-voici-comment-ce-pays-casse-le-prix-de-la-voiture-electrique","status":"publish","type":"post","link":"https:\/\/www.evearly.news\/fr\/dacia-spring-a-5-900-euros-voici-comment-ce-pays-casse-le-prix-de-la-voiture-electrique\/","title":{"rendered":"Dacia Spring \u00e0 5 900 euros : voici comment ce pays casse le prix de la voiture \u00e9lectrique"},"content":{"rendered":"<p><img loading=\"lazy\" width=\"1200\" height=\"675\" src=\"https:\/\/c0.lestechnophiles.com\/images.frandroid.com\/wp-content\/uploads\/2025\/04\/dacia-spring-2024-00018.jpg?resize=1200,675&#038;key=334da705&#038;watermark\" class=\"attachment-full size-full wp-post-image\" alt=\"\" decoding=\"async\" \/<br \/>\n5 900 euros pour une voiture \u00e9lectrique neuve. C&rsquo;est le tarif affich\u00e9 par la Dacia Spring en Allemagne gr\u00e2ce \u00e0 un alignement des plan\u00e8tes assez unique.<br \/>\n <a href=https:\/\/www.frandroid.com\/marques\/dacia\/2952607_dacia-spring-a-5-900-euros-voici-comment-ce-pays-casse-le-prix-de-la-voiture-electrique target='blank'>Lire la suite&#8230;<\/a><\/p>\n","protected":false},"excerpt":{"rendered":"<p>&lt;img width=&quot;1200&quot; height=&quot;675&quot; src=&quot;https:\/\/c0.lestechnophiles.com\/images.frandroid.com\/wp-content\/uploads\/2025\/04\/dacia-spring-2024-00018.jpg?resize=1200,675&amp;key=334da705&amp;watermark&quot; class=&quot;attachment-full size-full wp-post-image&quot; alt=&quot;&quot; decoding=&quot;async&quot; \/<br \/>\n5 900 euros pour une voiture \u00e9lectrique neuve. C&rsquo;est le tarif affich\u00e9 par la Dacia Spring en Allemagne gr\u00e2ce \u00e0 un alignement des plan\u00e8tes assez unique.\n<\/p>\n<p> <a class=\"continue-reading-link\" href=\"https:\/\/www.evearly.news\/fr\/dacia-spring-a-5-900-euros-voici-comment-ce-pays-casse-le-prix-de-la-voiture-electrique\/\"><\/a><\/p>\n","protected":false},"author":6,"featured_media":315831,"comment_status":"closed","ping_status":"open","sticky":false,"template":"Default","format":"standard","meta":{"footnotes":""},"categories":[14],"tags":[],"class_list":["post-315829","post","type-post","status-publish","format-standard","has-post-thumbnail","hentry","category-frandroid"],"_links":{"self":[{"href":"https:\/\/www.evearly.news\/fr\/wp-json\/wp\/v2\/posts\/315829","targetHints":{"allow":["GET"]}}],"collection":[{"href":"https:\/\/www.evearly.news\/fr\/wp-json\/wp\/v2\/posts"}],"about":[{"href":"https:\/\/www.evearly.news\/fr\/wp-json\/wp\/v2\/types\/post"}],"author":[{"embeddable":true,"href":"https:\/\/www.evearly.news\/fr\/wp-json\/wp\/v2\/users\/6"}],"replies":[{"embeddable":true,"href":"https:\/\/www.evearly.news\/fr\/wp-json\/wp\/v2\/comments?post=315829"}],"version-history":[{"count":0,"href":"https:\/\/www.evearly.news\/fr\/wp-json\/wp\/v2\/posts\/315829\/revisions"}],"wp:featuredmedia":[{"embeddable":true,"href":"https:\/\/www.evearly.news\/fr\/wp-json\/wp\/v2\/media\/315831"}],"wp:attachment":[{"href":"https:\/\/www.evearly.news\/fr\/wp-json\/wp\/v2\/media?parent=315829"}],"wp:term":[{"taxonomy":"category","embeddable":true,"href":"https:\/\/www.evearly.news\/fr\/wp-json\/wp\/v2\/categories?post=315829"},{"taxonomy":"post_tag","embeddable":true,"href":"https:\/\/www.evearly.news\/fr\/wp-json\/wp\/v2\/tags?post=315829"}],"curies":[{"name":"wp","href":"https:\/\/api.w.org\/{rel}","templated":true}]}}