{"id":315833,"date":"2026-01-22T20:20:03","date_gmt":"2026-01-22T19:20:03","guid":{"rendered":"https:\/\/www.evearly.news\/fr\/recharge-de-voitures-electriques-enfin-des-donnees-en-temps-reel-accessibles-a-tous\/"},"modified":"2026-01-22T20:20:03","modified_gmt":"2026-01-22T19:20:03","slug":"recharge-de-voitures-electriques-enfin-des-donnees-en-temps-reel-accessibles-a-tous","status":"publish","type":"post","link":"https:\/\/www.evearly.news\/fr\/recharge-de-voitures-electriques-enfin-des-donnees-en-temps-reel-accessibles-a-tous\/","title":{"rendered":"Recharge de voitures \u00e9lectriques : enfin des donn\u00e9es en temps r\u00e9el, accessibles \u00e0 tous"},"content":{"rendered":"<div class=\"media_block\"><img decoding=\"async\" src=\"https:\/\/www.evearly.news\/fr\/wp-content\/uploads\/sites\/6\/2026\/01\/recharge-de-voitures-electriques-enfin-des-donnees-en-temps-reel-accessibles-a-tous.jpg\"><\/div>\n<p>Les chiffres progressent mais largement majoritaires sont encore les Fran\u00e7ais \u00e0 rester r\u00e9ticents \u00e0 la voiture \u00e9lectrique. Autant dans le monde de l\u2019entreprise que chez les particuliers, la crainte ou l\u2019id\u00e9e re\u00e7ue que ses habitudes de mobilit\u00e9 ne conviennent pas \u00e0 un v\u00e9hicule \u00e9lectrique persiste. Avec le lancement de son Observatoire des donn\u00e9es de recharges, le programme Advenir, pilot\u00e9 par l\u2019AVERE France, souhaite changer les mentalit\u00e9s sur la qualit\u00e9 du r\u00e9seau de recharge dans l\u2019Hexagone. <a href=https:\/\/www.automobile-magazine.fr\/voitures-electriques\/article\/50783-recharge-de-voitures-electriques-enfin-des-donnees-en-temps-reel-accessibles-a-tous target='bwindow'>Lire la suite&#8230;<\/a><\/p>\n","protected":false},"excerpt":{"rendered":"<div class=\"media_block\"><img decoding=\"async\" src=\"https:\/\/www.evearly.news\/fr\/wp-content\/uploads\/sites\/6\/2026\/01\/recharge-de-voitures-electriques-enfin-des-donnees-en-temps-reel-accessibles-a-tous.jpg\"><\/div>\n<p> <a class=\"continue-reading-link\" href=\"https:\/\/www.evearly.news\/fr\/recharge-de-voitures-electriques-enfin-des-donnees-en-temps-reel-accessibles-a-tous\/\"><\/a><\/p>\n","protected":false},"author":7,"featured_media":315834,"comment_status":"closed","ping_status":"open","sticky":false,"template":"Default","format":"standard","meta":{"footnotes":""},"categories":[7],"tags":[],"class_list":["post-315833","post","type-post","status-publish","format-standard","has-post-thumbnail","hentry","category-automobile-magazine"],"_links":{"self":[{"href":"https:\/\/www.evearly.news\/fr\/wp-json\/wp\/v2\/posts\/315833","targetHints":{"allow":["GET"]}}],"collection":[{"href":"https:\/\/www.evearly.news\/fr\/wp-json\/wp\/v2\/posts"}],"about":[{"href":"https:\/\/www.evearly.news\/fr\/wp-json\/wp\/v2\/types\/post"}],"author":[{"embeddable":true,"href":"https:\/\/www.evearly.news\/fr\/wp-json\/wp\/v2\/users\/7"}],"replies":[{"embeddable":true,"href":"https:\/\/www.evearly.news\/fr\/wp-json\/wp\/v2\/comments?post=315833"}],"version-history":[{"count":0,"href":"https:\/\/www.evearly.news\/fr\/wp-json\/wp\/v2\/posts\/315833\/revisions"}],"wp:featuredmedia":[{"embeddable":true,"href":"https:\/\/www.evearly.news\/fr\/wp-json\/wp\/v2\/media\/315834"}],"wp:attachment":[{"href":"https:\/\/www.evearly.news\/fr\/wp-json\/wp\/v2\/media?parent=315833"}],"wp:term":[{"taxonomy":"category","embeddable":true,"href":"https:\/\/www.evearly.news\/fr\/wp-json\/wp\/v2\/categories?post=315833"},{"taxonomy":"post_tag","embeddable":true,"href":"https:\/\/www.evearly.news\/fr\/wp-json\/wp\/v2\/tags?post=315833"}],"curies":[{"name":"wp","href":"https:\/\/api.w.org\/{rel}","templated":true}]}}