{"id":315835,"date":"2026-01-22T20:21:09","date_gmt":"2026-01-22T19:21:09","guid":{"rendered":"https:\/\/www.evearly.news\/fr\/mini-megane-twingo-pourquoi-ces-3-voitures-electriques-sont-des-bons-plans-en-occasion\/"},"modified":"2026-01-22T20:21:09","modified_gmt":"2026-01-22T19:21:09","slug":"mini-megane-twingo-pourquoi-ces-3-voitures-electriques-sont-des-bons-plans-en-occasion","status":"publish","type":"post","link":"https:\/\/www.evearly.news\/fr\/mini-megane-twingo-pourquoi-ces-3-voitures-electriques-sont-des-bons-plans-en-occasion\/","title":{"rendered":"Mini, Megane, Twingo : pourquoi ces 3 voitures \u00e9lectriques sont des bons plans en occasion"},"content":{"rendered":"<div class=\"media_block\"><img decoding=\"async\" src=\"https:\/\/www.evearly.news\/fr\/wp-content\/uploads\/sites\/6\/2026\/01\/mini-megane-twingo-pourquoi-ces-3-voitures-electriques-sont-des-bons-plans-en-occasion.jpg\"><\/div>\n<p>Le march\u00e9 de la voiture \u00e9lectrique d\u2019occasion continue de gagner du terrain en France. Les volumes augmentent, les particuliers s\u2019y int\u00e9ressent de plus en plus et la confiance progresse. Pourtant, derri\u00e8re cette dynamique encourageante il reste que les v\u00e9hicules \u00e9lectriques d\u2019occasion se revendent encore lentement, surtout lorsqu\u2019ils appartiennent \u00e0 la premi\u00e8re g\u00e9n\u00e9ration mise sur le march\u00e9 avant la crise sanitaire. <a href=https:\/\/www.automobile-magazine.fr\/voitures-electriques\/article\/50782-mini-megane-twingo-pourquoi-ces-3-voitures-electriques-sont-des-bons-plans-en-occasion target='bwindow'>Lire la suite&#8230;<\/a><\/p>\n","protected":false},"excerpt":{"rendered":"<div class=\"media_block\"><img decoding=\"async\" src=\"https:\/\/www.evearly.news\/fr\/wp-content\/uploads\/sites\/6\/2026\/01\/mini-megane-twingo-pourquoi-ces-3-voitures-electriques-sont-des-bons-plans-en-occasion.jpg\"><\/div>\n<p> <a class=\"continue-reading-link\" href=\"https:\/\/www.evearly.news\/fr\/mini-megane-twingo-pourquoi-ces-3-voitures-electriques-sont-des-bons-plans-en-occasion\/\"><\/a><\/p>\n","protected":false},"author":7,"featured_media":315836,"comment_status":"closed","ping_status":"open","sticky":false,"template":"Default","format":"standard","meta":{"footnotes":""},"categories":[7],"tags":[],"class_list":["post-315835","post","type-post","status-publish","format-standard","has-post-thumbnail","hentry","category-automobile-magazine"],"_links":{"self":[{"href":"https:\/\/www.evearly.news\/fr\/wp-json\/wp\/v2\/posts\/315835","targetHints":{"allow":["GET"]}}],"collection":[{"href":"https:\/\/www.evearly.news\/fr\/wp-json\/wp\/v2\/posts"}],"about":[{"href":"https:\/\/www.evearly.news\/fr\/wp-json\/wp\/v2\/types\/post"}],"author":[{"embeddable":true,"href":"https:\/\/www.evearly.news\/fr\/wp-json\/wp\/v2\/users\/7"}],"replies":[{"embeddable":true,"href":"https:\/\/www.evearly.news\/fr\/wp-json\/wp\/v2\/comments?post=315835"}],"version-history":[{"count":0,"href":"https:\/\/www.evearly.news\/fr\/wp-json\/wp\/v2\/posts\/315835\/revisions"}],"wp:featuredmedia":[{"embeddable":true,"href":"https:\/\/www.evearly.news\/fr\/wp-json\/wp\/v2\/media\/315836"}],"wp:attachment":[{"href":"https:\/\/www.evearly.news\/fr\/wp-json\/wp\/v2\/media?parent=315835"}],"wp:term":[{"taxonomy":"category","embeddable":true,"href":"https:\/\/www.evearly.news\/fr\/wp-json\/wp\/v2\/categories?post=315835"},{"taxonomy":"post_tag","embeddable":true,"href":"https:\/\/www.evearly.news\/fr\/wp-json\/wp\/v2\/tags?post=315835"}],"curies":[{"name":"wp","href":"https:\/\/api.w.org\/{rel}","templated":true}]}}