{"id":315837,"date":"2026-01-23T08:50:04","date_gmt":"2026-01-23T07:50:04","guid":{"rendered":"https:\/\/www.evearly.news\/fr\/2025-annee-en-demi-teinte-pour-porsche-et-ses-voitures-electriques\/"},"modified":"2026-01-23T08:50:04","modified_gmt":"2026-01-23T07:50:04","slug":"2025-annee-en-demi-teinte-pour-porsche-et-ses-voitures-electriques","status":"publish","type":"post","link":"https:\/\/www.evearly.news\/fr\/2025-annee-en-demi-teinte-pour-porsche-et-ses-voitures-electriques\/","title":{"rendered":"2025, ann\u00e9e en demi-teinte pour Porsche et ses voitures \u00e9lectriques"},"content":{"rendered":"<p><img width=\"1000\" height=\"563\" src=\"https:\/\/www.evearly.news\/fr\/wp-content\/uploads\/sites\/6\/2026\/01\/2025-annee-en-demi-teinte-pour-porsche-et-ses-voitures-electriques.jpg\" class=\"attachment-post-thumbnail size-post-thumbnail wp-post-image\" alt=\"Porsche Macan \u00e9lectriques\" decoding=\"async\" fetchpriority=\"high\" srcset=\"https:\/\/www.evearly.news\/fr\/wp-content\/uploads\/sites\/6\/2026\/01\/2025-annee-en-demi-teinte-pour-porsche-et-ses-voitures-electriques.jpg 1000w, https:\/\/www.evearly.news\/fr\/wp-content\/uploads\/sites\/6\/2026\/01\/2025-annee-en-demi-teinte-pour-porsche-et-ses-voitures-electriques-1.jpg 300w, https:\/\/www.evearly.news\/fr\/wp-content\/uploads\/sites\/6\/2026\/01\/2025-annee-en-demi-teinte-pour-porsche-et-ses-voitures-electriques-2.jpg 998w, https:\/\/www.avem.fr\/wp-content\/uploads\/2025\/04\/ACTF0408_Porsche-768x432.jpg 768w\" sizes=\"(max-width: 1000px) 100vw, 1000px\" \/>Confirmant une baisse anticip\u00e9e de ses ventes globales en 2025, Porsche confirme toutefois la progression des \u00e9lectriques et des hybrides rechargeables d\u00e9j\u00e0 observ\u00e9e au premier trimestre. Derri\u00e8re la courbe g\u00e9n\u00e9rale, les situations sont diff\u00e9rentes selon les mod\u00e8les. \u00a0 Une \u00e9volution attendue Contre 310 718 unit\u00e9s en 2024, Porsche a livr\u00e9 [\u2026] <a href=https:\/\/www.avem.fr\/2026\/01\/23\/2025-annee-en-demi-teinte-pour-porsche-et-ses-voitures-electriques\/ target=blank>Lire la suite&#8230;<\/a><\/p>\n","protected":false},"excerpt":{"rendered":"<p><img loading=\"lazy\" decoding=\"async\" width=\"1000\" height=\"563\" src=\"https:\/\/www.evearly.news\/fr\/wp-content\/uploads\/sites\/6\/2026\/01\/2025-annee-en-demi-teinte-pour-porsche-et-ses-voitures-electriques.jpg\" class=\"attachment-post-thumbnail size-post-thumbnail wp-post-image\" alt=\"Porsche Macan \u00e9lectriques\" \/>Confirmant une baisse anticip\u00e9e de ses ventes globales en 2025, Porsche confirme toutefois la progression des \u00e9lectriques et des hybrides rechargeables d\u00e9j\u00e0 observ\u00e9e au premier trimestre. Derri\u00e8re la courbe g\u00e9n\u00e9rale, les situations sont diff\u00e9rentes selon les mod\u00e8les. \u00a0 Une \u00e9volution attendue Contre 310 718 unit\u00e9s en 2024, Porsche a livr\u00e9 [\u2026] <a class=\"continue-reading-link\" href=\"https:\/\/www.evearly.news\/fr\/2025-annee-en-demi-teinte-pour-porsche-et-ses-voitures-electriques\/\"><\/a><\/p>\n","protected":false},"author":3,"featured_media":315838,"comment_status":"closed","ping_status":"open","sticky":false,"template":"Default","format":"standard","meta":{"footnotes":""},"categories":[3],"tags":[],"class_list":["post-315837","post","type-post","status-publish","format-standard","has-post-thumbnail","hentry","category-avem"],"_links":{"self":[{"href":"https:\/\/www.evearly.news\/fr\/wp-json\/wp\/v2\/posts\/315837","targetHints":{"allow":["GET"]}}],"collection":[{"href":"https:\/\/www.evearly.news\/fr\/wp-json\/wp\/v2\/posts"}],"about":[{"href":"https:\/\/www.evearly.news\/fr\/wp-json\/wp\/v2\/types\/post"}],"author":[{"embeddable":true,"href":"https:\/\/www.evearly.news\/fr\/wp-json\/wp\/v2\/users\/3"}],"replies":[{"embeddable":true,"href":"https:\/\/www.evearly.news\/fr\/wp-json\/wp\/v2\/comments?post=315837"}],"version-history":[{"count":0,"href":"https:\/\/www.evearly.news\/fr\/wp-json\/wp\/v2\/posts\/315837\/revisions"}],"wp:featuredmedia":[{"embeddable":true,"href":"https:\/\/www.evearly.news\/fr\/wp-json\/wp\/v2\/media\/315838"}],"wp:attachment":[{"href":"https:\/\/www.evearly.news\/fr\/wp-json\/wp\/v2\/media?parent=315837"}],"wp:term":[{"taxonomy":"category","embeddable":true,"href":"https:\/\/www.evearly.news\/fr\/wp-json\/wp\/v2\/categories?post=315837"},{"taxonomy":"post_tag","embeddable":true,"href":"https:\/\/www.evearly.news\/fr\/wp-json\/wp\/v2\/tags?post=315837"}],"curies":[{"name":"wp","href":"https:\/\/api.w.org\/{rel}","templated":true}]}}