{"id":315839,"date":"2026-01-23T08:50:42","date_gmt":"2026-01-23T07:50:42","guid":{"rendered":"https:\/\/www.evearly.news\/fr\/skoda-a-double-ses-ventes-de-voitures-rechargeables-en-2025\/"},"modified":"2026-01-23T08:50:42","modified_gmt":"2026-01-23T07:50:42","slug":"skoda-a-double-ses-ventes-de-voitures-rechargeables-en-2025","status":"publish","type":"post","link":"https:\/\/www.evearly.news\/fr\/skoda-a-double-ses-ventes-de-voitures-rechargeables-en-2025\/","title":{"rendered":"Skoda a doubl\u00e9 ses ventes de voitures rechargeables en 2025"},"content":{"rendered":"<p><img loading=\"lazy\" width=\"1000\" height=\"563\" src=\"https:\/\/www.evearly.news\/fr\/wp-content\/uploads\/sites\/6\/2026\/01\/skoda-a-double-ses-ventes-de-voitures-rechargeables-en-2025.jpg\" class=\"attachment-post-thumbnail size-post-thumbnail wp-post-image\" alt=\"Skoda Enyaq\" decoding=\"async\" srcset=\"https:\/\/www.evearly.news\/fr\/wp-content\/uploads\/sites\/6\/2026\/01\/skoda-a-double-ses-ventes-de-voitures-rechargeables-en-2025.jpg 1000w, https:\/\/www.evearly.news\/fr\/wp-content\/uploads\/sites\/6\/2026\/01\/skoda-a-double-ses-ventes-de-voitures-rechargeables-en-2025-1.jpg 300w, https:\/\/www.evearly.news\/fr\/wp-content\/uploads\/sites\/6\/2026\/01\/skoda-a-double-ses-ventes-de-voitures-rechargeables-en-2025-2.jpg 998w, https:\/\/www.avem.fr\/wp-content\/uploads\/2026\/01\/ACTG0123_Skoda-768x432.jpg 768w\" sizes=\"auto, (max-width: 1000px) 100vw, 1000px\" \/>En 2025, \u00e0 l\u2019\u00e9chelle du monde, Skoda a livr\u00e9 174 900 voitures \u00e9lectriques et 43 800 hybrides rechargeables. Ce qui fait un total de 218 700 v\u00e9hicules, en hausse de 117,5 %. \u00a0 Monde Aujourd\u2019hui, la gamme de voitures \u00e9lectriques de Skoda se r\u00e9sume \u00e0 2 mod\u00e8les. Avec des chiffres [\u2026] <a href=https:\/\/www.avem.fr\/2026\/01\/23\/skoda-a-double-ses-ventes-de-voitures-rechargeables-en-2025\/ target=blank>Lire la suite&#8230;<\/a><\/p>\n","protected":false},"excerpt":{"rendered":"<p><img loading=\"lazy\" decoding=\"async\" width=\"1000\" height=\"563\" src=\"https:\/\/www.evearly.news\/fr\/wp-content\/uploads\/sites\/6\/2026\/01\/skoda-a-double-ses-ventes-de-voitures-rechargeables-en-2025.jpg\" class=\"attachment-post-thumbnail size-post-thumbnail wp-post-image\" alt=\"Skoda Enyaq\" \/>En 2025, \u00e0 l\u2019\u00e9chelle du monde, Skoda a livr\u00e9 174 900 voitures \u00e9lectriques et 43 800 hybrides rechargeables. Ce qui fait un total de 218 700 v\u00e9hicules, en hausse de 117,5 %. \u00a0 Monde Aujourd\u2019hui, la gamme de voitures \u00e9lectriques de Skoda se r\u00e9sume \u00e0 2 mod\u00e8les. Avec des chiffres [\u2026] <a class=\"continue-reading-link\" href=\"https:\/\/www.evearly.news\/fr\/skoda-a-double-ses-ventes-de-voitures-rechargeables-en-2025\/\"><\/a><\/p>\n","protected":false},"author":3,"featured_media":315840,"comment_status":"closed","ping_status":"open","sticky":false,"template":"Default","format":"standard","meta":{"footnotes":""},"categories":[3],"tags":[],"class_list":["post-315839","post","type-post","status-publish","format-standard","has-post-thumbnail","hentry","category-avem"],"_links":{"self":[{"href":"https:\/\/www.evearly.news\/fr\/wp-json\/wp\/v2\/posts\/315839","targetHints":{"allow":["GET"]}}],"collection":[{"href":"https:\/\/www.evearly.news\/fr\/wp-json\/wp\/v2\/posts"}],"about":[{"href":"https:\/\/www.evearly.news\/fr\/wp-json\/wp\/v2\/types\/post"}],"author":[{"embeddable":true,"href":"https:\/\/www.evearly.news\/fr\/wp-json\/wp\/v2\/users\/3"}],"replies":[{"embeddable":true,"href":"https:\/\/www.evearly.news\/fr\/wp-json\/wp\/v2\/comments?post=315839"}],"version-history":[{"count":0,"href":"https:\/\/www.evearly.news\/fr\/wp-json\/wp\/v2\/posts\/315839\/revisions"}],"wp:featuredmedia":[{"embeddable":true,"href":"https:\/\/www.evearly.news\/fr\/wp-json\/wp\/v2\/media\/315840"}],"wp:attachment":[{"href":"https:\/\/www.evearly.news\/fr\/wp-json\/wp\/v2\/media?parent=315839"}],"wp:term":[{"taxonomy":"category","embeddable":true,"href":"https:\/\/www.evearly.news\/fr\/wp-json\/wp\/v2\/categories?post=315839"},{"taxonomy":"post_tag","embeddable":true,"href":"https:\/\/www.evearly.news\/fr\/wp-json\/wp\/v2\/tags?post=315839"}],"curies":[{"name":"wp","href":"https:\/\/api.w.org\/{rel}","templated":true}]}}