{"id":315847,"date":"2026-01-23T10:13:23","date_gmt":"2026-01-23T09:13:23","guid":{"rendered":"https:\/\/www.evearly.news\/fr\/la-demande-depasse-largement-nos-previsions-bmw-et-mercedes-cartonnent-avec-leurs-nouvelles-voitures-electriques\/"},"modified":"2026-01-23T10:13:23","modified_gmt":"2026-01-23T09:13:23","slug":"la-demande-depasse-largement-nos-previsions-bmw-et-mercedes-cartonnent-avec-leurs-nouvelles-voitures-electriques","status":"publish","type":"post","link":"https:\/\/www.evearly.news\/fr\/la-demande-depasse-largement-nos-previsions-bmw-et-mercedes-cartonnent-avec-leurs-nouvelles-voitures-electriques\/","title":{"rendered":"\u00ab La demande d\u00e9passe largement nos pr\u00e9visions \u00bb : BMW et Mercedes cartonnent avec leurs nouvelles voitures \u00e9lectriques"},"content":{"rendered":"<p><img loading=\"lazy\" width=\"1200\" height=\"675\" src=\"https:\/\/www.evearly.news\/fr\/wp-content\/uploads\/sites\/6\/2026\/01\/la-demande-depasse-largement-nos-previsions-bmw-et-mercedes-cartonnent-avec-leurs-nouvelles-voitures-electriques.jpg\" class=\"attachment-full size-full wp-post-image\" alt=\"\" decoding=\"async\" \/<br \/>\nR\u00e9cemment lanc\u00e9s, les nouveaux BMW iX3 et Mercedes GLC s\u00e9duisent d\u00e9j\u00e0 beaucoup les clients. Les deux voitures \u00e9lectriques d\u00e9passent les attentes et les carnets de commandes sont d\u00e9j\u00e0 pleins.<br \/>\n <a href=https:\/\/www.frandroid.com\/marques\/bmw\/2952653_la-demande-depasse-largement-nos-previsions-bmw-et-mercedes-cartonnent-avec-leurs-nouvelles-voitures-electriques target='blank'>Lire la suite&#8230;<\/a><\/p>\n","protected":false},"excerpt":{"rendered":"<p>&lt;img width=&quot;1200&quot; height=&quot;675&quot; src=&quot;https:\/\/www.evearly.news\/fr\/wp-content\/uploads\/sites\/6\/2026\/01\/la-demande-depasse-largement-nos-previsions-bmw-et-mercedes-cartonnent-avec-leurs-nouvelles-voitures-electriques.jpg&quot; class=&quot;attachment-full size-full wp-post-image&quot; alt=&quot;&quot; decoding=&quot;async&quot; \/<br \/>\nR\u00e9cemment lanc\u00e9s, les nouveaux BMW iX3 et Mercedes GLC s\u00e9duisent d\u00e9j\u00e0 beaucoup les clients. Les deux voitures \u00e9lectriques d\u00e9passent les attentes et les carnets de commandes sont d\u00e9j\u00e0 pleins.\n<\/p>\n<p> <a class=\"continue-reading-link\" href=\"https:\/\/www.evearly.news\/fr\/la-demande-depasse-largement-nos-previsions-bmw-et-mercedes-cartonnent-avec-leurs-nouvelles-voitures-electriques\/\"><\/a><\/p>\n","protected":false},"author":6,"featured_media":315850,"comment_status":"closed","ping_status":"open","sticky":false,"template":"Default","format":"standard","meta":{"footnotes":""},"categories":[14],"tags":[],"class_list":["post-315847","post","type-post","status-publish","format-standard","has-post-thumbnail","hentry","category-frandroid"],"_links":{"self":[{"href":"https:\/\/www.evearly.news\/fr\/wp-json\/wp\/v2\/posts\/315847","targetHints":{"allow":["GET"]}}],"collection":[{"href":"https:\/\/www.evearly.news\/fr\/wp-json\/wp\/v2\/posts"}],"about":[{"href":"https:\/\/www.evearly.news\/fr\/wp-json\/wp\/v2\/types\/post"}],"author":[{"embeddable":true,"href":"https:\/\/www.evearly.news\/fr\/wp-json\/wp\/v2\/users\/6"}],"replies":[{"embeddable":true,"href":"https:\/\/www.evearly.news\/fr\/wp-json\/wp\/v2\/comments?post=315847"}],"version-history":[{"count":0,"href":"https:\/\/www.evearly.news\/fr\/wp-json\/wp\/v2\/posts\/315847\/revisions"}],"wp:featuredmedia":[{"embeddable":true,"href":"https:\/\/www.evearly.news\/fr\/wp-json\/wp\/v2\/media\/315850"}],"wp:attachment":[{"href":"https:\/\/www.evearly.news\/fr\/wp-json\/wp\/v2\/media?parent=315847"}],"wp:term":[{"taxonomy":"category","embeddable":true,"href":"https:\/\/www.evearly.news\/fr\/wp-json\/wp\/v2\/categories?post=315847"},{"taxonomy":"post_tag","embeddable":true,"href":"https:\/\/www.evearly.news\/fr\/wp-json\/wp\/v2\/tags?post=315847"}],"curies":[{"name":"wp","href":"https:\/\/api.w.org\/{rel}","templated":true}]}}