{"id":315861,"date":"2026-01-23T11:31:47","date_gmt":"2026-01-23T10:31:47","guid":{"rendered":"https:\/\/www.evearly.news\/fr\/oubliez-la-petite-citadine-le-nouveau-smart-5-est-un-suv-massif-qui-change-tout\/"},"modified":"2026-01-23T11:31:47","modified_gmt":"2026-01-23T10:31:47","slug":"oubliez-la-petite-citadine-le-nouveau-smart-5-est-un-suv-massif-qui-change-tout","status":"publish","type":"post","link":"https:\/\/www.evearly.news\/fr\/oubliez-la-petite-citadine-le-nouveau-smart-5-est-un-suv-massif-qui-change-tout\/","title":{"rendered":"Oubliez la petite citadine\u00a0: le nouveau Smart #5 est un SUV massif qui change tout"},"content":{"rendered":"<p><img width=\"1920\" height=\"1280\" src=\"https:\/\/www.evearly.news\/fr\/wp-content\/uploads\/sites\/6\/2026\/01\/oubliez-la-petite-citadine-le-nouveau-smart-5-est-un-suv-massif-qui-change-tout.jpg\" class=\"attachment-full size-full wp-post-image\" alt=\"Smart #5 Gris\" decoding=\"async\" loading=\"lazy\" srcset=\"https:\/\/www.evearly.news\/fr\/wp-content\/uploads\/sites\/6\/2026\/01\/oubliez-la-petite-citadine-le-nouveau-smart-5-est-un-suv-massif-qui-change-tout.jpg 1920w, https:\/\/www.evearly.news\/fr\/wp-content\/uploads\/sites\/6\/2026\/01\/oubliez-la-petite-citadine-le-nouveau-smart-5-est-un-suv-massif-qui-change-tout-1.jpg 384w, https:\/\/www.evearly.news\/fr\/wp-content\/uploads\/sites\/6\/2026\/01\/oubliez-la-petite-citadine-le-nouveau-smart-5-est-un-suv-massif-qui-change-tout-2.jpg 880w, https:\/\/www.evearly.news\/fr\/wp-content\/uploads\/sites\/6\/2026\/01\/oubliez-la-petite-citadine-le-nouveau-smart-5-est-un-suv-massif-qui-change-tout-3.jpg 50w, https:\/\/www.evearly.news\/fr\/wp-content\/uploads\/sites\/6\/2026\/01\/oubliez-la-petite-citadine-le-nouveau-smart-5-est-un-suv-massif-qui-change-tout-4.jpg 640w, https:\/\/www.evearly.news\/fr\/wp-content\/uploads\/sites\/6\/2026\/01\/oubliez-la-petite-citadine-le-nouveau-smart-5-est-un-suv-massif-qui-change-tout-5.jpg 1280w, https:\/\/www.presse-citron.net\/app\/uploads\/2026\/01\/Smart-5-gris-1632x1088.jpg 1632w\" sizes=\"auto, (max-width: 1920px) 100vw, 1920px\"><\/p>\n<p>Smart revoit radicalement sa strat\u00e9gie en multipliant les SUV. Apr\u00e8s les #1 et #3, la marque allemande poursuit sur sa lanc\u00e9e avec l\u2019imposant #5. Voici 4 choses \u00e0 savoir avant notre essai.<a href=\"https:\/\/www.presse-citron.net\/oubliez-la-petite-citadine-le-nouveau-smart-5-est-un-suv-massif-qui-change-tout\/\" target=blank> Lire la suite&#8230;<\/a><\/p>\n","protected":false},"excerpt":{"rendered":"<p>Smart revoit radicalement sa strat\u00e9gie en multipliant les SUV. Apr\u00e8s les #1 et #3, la marque allemande poursuit sur sa lanc\u00e9e avec l\u2019imposant #5. Voici 4 choses \u00e0 savoir avant notre essai&#8230;. <a class=\"continue-reading-link\" href=\"https:\/\/www.evearly.news\/fr\/oubliez-la-petite-citadine-le-nouveau-smart-5-est-un-suv-massif-qui-change-tout\/\"><\/a><\/p>\n","protected":false},"author":18,"featured_media":315862,"comment_status":"closed","ping_status":"open","sticky":false,"template":"Default","format":"standard","meta":{"footnotes":""},"categories":[19],"tags":[],"class_list":["post-315861","post","type-post","status-publish","format-standard","has-post-thumbnail","hentry","category-presse-citron"],"_links":{"self":[{"href":"https:\/\/www.evearly.news\/fr\/wp-json\/wp\/v2\/posts\/315861","targetHints":{"allow":["GET"]}}],"collection":[{"href":"https:\/\/www.evearly.news\/fr\/wp-json\/wp\/v2\/posts"}],"about":[{"href":"https:\/\/www.evearly.news\/fr\/wp-json\/wp\/v2\/types\/post"}],"author":[{"embeddable":true,"href":"https:\/\/www.evearly.news\/fr\/wp-json\/wp\/v2\/users\/18"}],"replies":[{"embeddable":true,"href":"https:\/\/www.evearly.news\/fr\/wp-json\/wp\/v2\/comments?post=315861"}],"version-history":[{"count":0,"href":"https:\/\/www.evearly.news\/fr\/wp-json\/wp\/v2\/posts\/315861\/revisions"}],"wp:featuredmedia":[{"embeddable":true,"href":"https:\/\/www.evearly.news\/fr\/wp-json\/wp\/v2\/media\/315862"}],"wp:attachment":[{"href":"https:\/\/www.evearly.news\/fr\/wp-json\/wp\/v2\/media?parent=315861"}],"wp:term":[{"taxonomy":"category","embeddable":true,"href":"https:\/\/www.evearly.news\/fr\/wp-json\/wp\/v2\/categories?post=315861"},{"taxonomy":"post_tag","embeddable":true,"href":"https:\/\/www.evearly.news\/fr\/wp-json\/wp\/v2\/tags?post=315861"}],"curies":[{"name":"wp","href":"https:\/\/api.w.org\/{rel}","templated":true}]}}