{"id":315865,"date":"2026-01-23T11:52:32","date_gmt":"2026-01-23T10:52:32","guid":{"rendered":"https:\/\/www.evearly.news\/fr\/conduite-autonome-les-economies-sur-lassurance-peuvent-elles-compenser-le-prix-du-fsd\/"},"modified":"2026-01-23T11:52:32","modified_gmt":"2026-01-23T10:52:32","slug":"conduite-autonome-les-economies-sur-lassurance-peuvent-elles-compenser-le-prix-du-fsd","status":"publish","type":"post","link":"https:\/\/www.evearly.news\/fr\/conduite-autonome-les-economies-sur-lassurance-peuvent-elles-compenser-le-prix-du-fsd\/","title":{"rendered":"Conduite autonome : les \u00e9conomies sur l\u2019assurance peuvent-elles compenser le prix du FSD ?"},"content":{"rendered":"<p><img decoding=\"async\" width=\"500\" height=\"333\" src=\"https:\/\/www.evearly.news\/fr\/wp-content\/uploads\/sites\/6\/2026\/01\/conduite-autonome-les-economies-sur-lassurance-peuvent-elles-compenser-le-prix-du-fsd.webp\" class=\"attachment-1200x800 size-1200x800 wp-post-image\" alt=\"\" loading=\"lazy\" srcset=\"https:\/\/www.evearly.news\/fr\/wp-content\/uploads\/sites\/6\/2026\/01\/conduite-autonome-les-economies-sur-lassurance-peuvent-elles-compenser-le-prix-du-fsd.webp 1500w, https:\/\/www.evearly.news\/fr\/wp-content\/uploads\/sites\/6\/2026\/01\/conduite-autonome-les-economies-sur-lassurance-peuvent-elles-compenser-le-prix-du-fsd-1.webp 1024w, https:\/\/www.evearly.news\/fr\/wp-content\/uploads\/sites\/6\/2026\/01\/conduite-autonome-les-economies-sur-lassurance-peuvent-elles-compenser-le-prix-du-fsd-2.webp 140w, https:\/\/www.evearly.news\/fr\/wp-content\/uploads\/sites\/6\/2026\/01\/conduite-autonome-les-economies-sur-lassurance-peuvent-elles-compenser-le-prix-du-fsd-3.webp 768w, https:\/\/www.evearly.news\/fr\/wp-content\/uploads\/sites\/6\/2026\/01\/conduite-autonome-les-economies-sur-lassurance-peuvent-elles-compenser-le-prix-du-fsd-4.webp 620w, https:\/\/www.evearly.news\/fr\/wp-content\/uploads\/sites\/6\/2026\/01\/conduite-autonome-les-economies-sur-lassurance-peuvent-elles-compenser-le-prix-du-fsd-5.webp 100w, https:\/\/www.evearly.news\/fr\/wp-content\/uploads\/sites\/6\/2026\/01\/conduite-autonome-les-economies-sur-lassurance-peuvent-elles-compenser-le-prix-du-fsd-6.webp 190w, https:\/\/cdn.automobile-propre.com\/uploads\/2024\/11\/Tesla-FSD-600x400.webp 600w\" sizes=\"auto, (max-width: 1200px) 100vw, 1200px\" \/><br \/>\nLe FSD de Tesla bient\u00f4t autoris\u00e9 en Europe ? C&rsquo;est ce que pense Elon Musk. Pr\u00e9sent au Forum \u00e9conomique mondial\u2026\u00a0<a href=https:\/\/www.automobile-propre.com\/articles\/conduite-autonome-les-economies-sur-lassurance-vont-elles-compenser-le-prix-du-fsd\/ target='bwindow'>Lire la suite&#8230;<\/a><\/p>\n","protected":false},"excerpt":{"rendered":"<p>&#8230; <a class=\"continue-reading-link\" href=\"https:\/\/www.evearly.news\/fr\/conduite-autonome-les-economies-sur-lassurance-peuvent-elles-compenser-le-prix-du-fsd\/\"><\/a><\/p>\n","protected":false},"author":8,"featured_media":315866,"comment_status":"closed","ping_status":"open","sticky":false,"template":"Default","format":"standard","meta":{"footnotes":""},"categories":[8],"tags":[],"class_list":["post-315865","post","type-post","status-publish","format-standard","has-post-thumbnail","hentry","category-automobile-propre"],"_links":{"self":[{"href":"https:\/\/www.evearly.news\/fr\/wp-json\/wp\/v2\/posts\/315865","targetHints":{"allow":["GET"]}}],"collection":[{"href":"https:\/\/www.evearly.news\/fr\/wp-json\/wp\/v2\/posts"}],"about":[{"href":"https:\/\/www.evearly.news\/fr\/wp-json\/wp\/v2\/types\/post"}],"author":[{"embeddable":true,"href":"https:\/\/www.evearly.news\/fr\/wp-json\/wp\/v2\/users\/8"}],"replies":[{"embeddable":true,"href":"https:\/\/www.evearly.news\/fr\/wp-json\/wp\/v2\/comments?post=315865"}],"version-history":[{"count":0,"href":"https:\/\/www.evearly.news\/fr\/wp-json\/wp\/v2\/posts\/315865\/revisions"}],"wp:featuredmedia":[{"embeddable":true,"href":"https:\/\/www.evearly.news\/fr\/wp-json\/wp\/v2\/media\/315866"}],"wp:attachment":[{"href":"https:\/\/www.evearly.news\/fr\/wp-json\/wp\/v2\/media?parent=315865"}],"wp:term":[{"taxonomy":"category","embeddable":true,"href":"https:\/\/www.evearly.news\/fr\/wp-json\/wp\/v2\/categories?post=315865"},{"taxonomy":"post_tag","embeddable":true,"href":"https:\/\/www.evearly.news\/fr\/wp-json\/wp\/v2\/tags?post=315865"}],"curies":[{"name":"wp","href":"https:\/\/api.w.org\/{rel}","templated":true}]}}